{"id":72233,"date":"2013-05-20T11:00:55","date_gmt":"2013-05-20T14:00:55","guid":{"rendered":"http:\/\/www.agrund.com\/?p=72233"},"modified":"2013-05-20T11:00:55","modified_gmt":"2013-05-20T14:00:55","slug":"o-drama-da-versus","status":"publish","type":"post","link":"https:\/\/agrund.com\/index.php\/o-drama-da-versus\/","title":{"rendered":"O drama da Versus"},"content":{"rendered":"<p>Sob o comando da primeira dama do imp\u00e9rio Versace, Donatella Versace, e do estilista J.W. Anderson, a Versus, segunda linha da marca e bem mais jovem, lan\u00e7a uma nova cole\u00e7\u00e3o no dia 15 de junho. Para evocar todo glamour da juventude transgressora, o modelo Jester White tamb\u00e9m mostra todo o drama da Versus. Pe\u00e7as mais cl\u00e1ssicas se misturam a estampa de bicho e ao efeito gr\u00e1fico e \u00f3tico. Confira!<\/p>\n<div id=\"attachment_72234\" style=\"width: 510px\" class=\"wp-caption aligncenter\"><a href=\"https:\/\/i0.wp.com\/www.agrund.com\/wp-content\/uploads\/2013\/05\/o-drama-da-versus-1.jpg\"><img aria-describedby=\"caption-attachment-72234\" decoding=\"async\" loading=\"lazy\" class=\"size-full wp-image-72234\" alt=\"O drama da Versus\" src=\"https:\/\/i0.wp.com\/www.agrund.com\/wp-content\/uploads\/2013\/05\/o-drama-da-versus-1.jpg?resize=500%2C833\" width=\"500\" height=\"833\" data-recalc-dims=\"1\" \/><\/a><p id=\"caption-attachment-72234\" class=\"wp-caption-text\">O drama da Versus<\/p><\/div>\n<div id=\"attachment_72235\" style=\"width: 510px\" class=\"wp-caption aligncenter\"><a href=\"https:\/\/i0.wp.com\/www.agrund.com\/wp-content\/uploads\/2013\/05\/o-drama-da-versus-2.jpg\"><img aria-describedby=\"caption-attachment-72235\" decoding=\"async\" loading=\"lazy\" class=\"size-full wp-image-72235\" alt=\"O drama da Versus\" src=\"https:\/\/i0.wp.com\/www.agrund.com\/wp-content\/uploads\/2013\/05\/o-drama-da-versus-2.jpg?resize=500%2C833\" width=\"500\" height=\"833\" data-recalc-dims=\"1\" \/><\/a><p id=\"caption-attachment-72235\" class=\"wp-caption-text\">O drama da Versus<\/p><\/div>\n<div id=\"attachment_72236\" style=\"width: 510px\" class=\"wp-caption aligncenter\"><a href=\"https:\/\/i0.wp.com\/www.agrund.com\/wp-content\/uploads\/2013\/05\/o-drama-da-versus-3.jpg\"><img aria-describedby=\"caption-attachment-72236\" decoding=\"async\" loading=\"lazy\" class=\"size-full wp-image-72236\" alt=\"O drama da Versus\" src=\"https:\/\/i0.wp.com\/www.agrund.com\/wp-content\/uploads\/2013\/05\/o-drama-da-versus-3.jpg?resize=500%2C833\" width=\"500\" height=\"833\" data-recalc-dims=\"1\" \/><\/a><p id=\"caption-attachment-72236\" class=\"wp-caption-text\">O drama da Versus<\/p><\/div>\n<div id=\"attachment_72237\" style=\"width: 510px\" class=\"wp-caption aligncenter\"><a href=\"https:\/\/i0.wp.com\/www.agrund.com\/wp-content\/uploads\/2013\/05\/o-drama-da-versus-4.jpg\"><img aria-describedby=\"caption-attachment-72237\" decoding=\"async\" loading=\"lazy\" class=\"size-full wp-image-72237\" alt=\"O drama da Versus\" src=\"https:\/\/i0.wp.com\/www.agrund.com\/wp-content\/uploads\/2013\/05\/o-drama-da-versus-4.jpg?resize=500%2C833\" width=\"500\" height=\"833\" data-recalc-dims=\"1\" \/><\/a><p id=\"caption-attachment-72237\" class=\"wp-caption-text\">O drama da Versus<\/p><\/div>\n<p>Imagens: Divulga\u00e7\u00e3o.<\/p>\n","protected":false},"excerpt":{"rendered":"<p>Sob o comando da primeira dama do imp\u00e9rio Versace, Donatella Versace, e do estilista J.W. Anderson, a Versus, segunda linha da marca e bem mais jovem, lan\u00e7a uma nova cole\u00e7\u00e3o no dia 15 de junho. Para evocar todo glamour da juventude transgressora, o modelo Jester White tamb\u00e9m mostra todo o drama da Versus. Pe\u00e7as mais [&hellip;]<\/p>\n","protected":false},"author":8,"featured_media":72238,"comment_status":"open","ping_status":"open","sticky":false,"template":"","format":"standard","meta":{"jetpack_post_was_ever_published":false,"_jetpack_newsletter_access":"","jetpack_publicize_message":"","jetpack_is_tweetstorm":false,"jetpack_publicize_feature_enabled":true,"jetpack_social_post_already_shared":true,"jetpack_social_options":{"image_generator_settings":{"template":"highway","enabled":false}}},"categories":[6],"tags":[],"jetpack_publicize_connections":[],"jetpack_featured_media_url":"","jetpack_sharing_enabled":true,"jetpack_shortlink":"https:\/\/wp.me\/p3Hz0n-iN3","jetpack_likes_enabled":true,"_links":{"self":[{"href":"https:\/\/agrund.com\/index.php\/wp-json\/wp\/v2\/posts\/72233"}],"collection":[{"href":"https:\/\/agrund.com\/index.php\/wp-json\/wp\/v2\/posts"}],"about":[{"href":"https:\/\/agrund.com\/index.php\/wp-json\/wp\/v2\/types\/post"}],"author":[{"embeddable":true,"href":"https:\/\/agrund.com\/index.php\/wp-json\/wp\/v2\/users\/8"}],"replies":[{"embeddable":true,"href":"https:\/\/agrund.com\/index.php\/wp-json\/wp\/v2\/comments?post=72233"}],"version-history":[{"count":0,"href":"https:\/\/agrund.com\/index.php\/wp-json\/wp\/v2\/posts\/72233\/revisions"}],"wp:featuredmedia":[{"embeddable":true,"href":"https:\/\/agrund.com\/index.php\/wp-json\/"}],"wp:attachment":[{"href":"https:\/\/agrund.com\/index.php\/wp-json\/wp\/v2\/media?parent=72233"}],"wp:term":[{"taxonomy":"category","embeddable":true,"href":"https:\/\/agrund.com\/index.php\/wp-json\/wp\/v2\/categories?post=72233"},{"taxonomy":"post_tag","embeddable":true,"href":"https:\/\/agrund.com\/index.php\/wp-json\/wp\/v2\/tags?post=72233"}],"curies":[{"name":"wp","href":"https:\/\/api.w.org\/{rel}","templated":true}]}}