{"id":72221,"date":"2013-05-20T10:00:07","date_gmt":"2013-05-20T13:00:07","guid":{"rendered":"http:\/\/www.agrund.com\/?p=72221"},"modified":"2013-05-20T10:00:07","modified_gmt":"2013-05-20T13:00:07","slug":"anos-50-inspiram-o-inverno-da-rich","status":"publish","type":"post","link":"https:\/\/agrund.com\/index.php\/anos-50-inspiram-o-inverno-da-rich\/","title":{"rendered":"Anos 50 inspiram o inverno da Rich"},"content":{"rendered":"<p>O Inverno 2013 da Rich foi buscar inspira\u00e7\u00e3o no estilo masculino italiano dos anos 50. O homem resgatado pela marca \u00e9 bo\u00eamio, viril e elegante, que usa a alfaiataria como arma de sedu\u00e7\u00e3o.<\/p>\n<p>C\u00e9sar Zanchet, diretor executivo e respons\u00e1vel pela coordena\u00e7\u00e3o de estilo da marca para a temporada, prop\u00f5e modelagem slim, looks monocrom\u00e1ticos ou em preto e branco, couro, veludo e gravatas borboleta ou mais estreita. Que tal?<\/p>\n<div id=\"attachment_72225\" style=\"width: 510px\" class=\"wp-caption aligncenter\"><a href=\"https:\/\/i0.wp.com\/www.agrund.com\/wp-content\/uploads\/2013\/05\/anos-50-inspiram-o-inverno-da-rich-4.jpg\"><img aria-describedby=\"caption-attachment-72225\" decoding=\"async\" loading=\"lazy\" class=\"size-full wp-image-72225\" alt=\"anos-50-inspiram-o-inverno-da-rich (4)\" src=\"https:\/\/i0.wp.com\/www.agrund.com\/wp-content\/uploads\/2013\/05\/anos-50-inspiram-o-inverno-da-rich-4.jpg?resize=500%2C647\" width=\"500\" height=\"647\" data-recalc-dims=\"1\" \/><\/a><p id=\"caption-attachment-72225\" class=\"wp-caption-text\">Anos 50 inspiram o inverno da Rich<\/p><\/div>\n<div id=\"attachment_72224\" style=\"width: 510px\" class=\"wp-caption aligncenter\"><a href=\"https:\/\/i0.wp.com\/www.agrund.com\/wp-content\/uploads\/2013\/05\/anos-50-inspiram-o-inverno-da-rich-3.jpg\"><img aria-describedby=\"caption-attachment-72224\" decoding=\"async\" loading=\"lazy\" class=\"size-full wp-image-72224\" alt=\"anos-50-inspiram-o-inverno-da-rich (3)\" src=\"https:\/\/i0.wp.com\/www.agrund.com\/wp-content\/uploads\/2013\/05\/anos-50-inspiram-o-inverno-da-rich-3.jpg?resize=500%2C393\" width=\"500\" height=\"393\" data-recalc-dims=\"1\" \/><\/a><p id=\"caption-attachment-72224\" class=\"wp-caption-text\">Anos 50 inspiram o inverno da Rich<\/p><\/div>\n<div id=\"attachment_72223\" style=\"width: 510px\" class=\"wp-caption aligncenter\"><a href=\"https:\/\/i0.wp.com\/www.agrund.com\/wp-content\/uploads\/2013\/05\/anos-50-inspiram-o-inverno-da-rich-2.jpg\"><img aria-describedby=\"caption-attachment-72223\" decoding=\"async\" loading=\"lazy\" class=\"size-full wp-image-72223\" alt=\"anos-50-inspiram-o-inverno-da-rich (2)\" src=\"https:\/\/i0.wp.com\/www.agrund.com\/wp-content\/uploads\/2013\/05\/anos-50-inspiram-o-inverno-da-rich-2.jpg?resize=500%2C384\" width=\"500\" height=\"384\" data-recalc-dims=\"1\" \/><\/a><p id=\"caption-attachment-72223\" class=\"wp-caption-text\">Anos 50 inspiram o inverno da Rich<\/p><\/div>\n<p style=\"text-align: center\">\n<div id=\"attachment_72222\" style=\"width: 510px\" class=\"wp-caption aligncenter\"><a href=\"https:\/\/i0.wp.com\/www.agrund.com\/wp-content\/uploads\/2013\/05\/anos-50-inspiram-o-inverno-da-rich-1.jpg\"><img aria-describedby=\"caption-attachment-72222\" decoding=\"async\" loading=\"lazy\" class=\"size-full wp-image-72222\" alt=\"Anos 50 inspiram o inverno da Rich\" src=\"https:\/\/i0.wp.com\/www.agrund.com\/wp-content\/uploads\/2013\/05\/anos-50-inspiram-o-inverno-da-rich-1.jpg?resize=500%2C284\" width=\"500\" height=\"284\" data-recalc-dims=\"1\" \/><\/a><p id=\"caption-attachment-72222\" class=\"wp-caption-text\">Anos 50 inspiram o inverno da Rich<\/p><\/div>\n<div id=\"attachment_72226\" style=\"width: 510px\" class=\"wp-caption aligncenter\"><a href=\"https:\/\/i0.wp.com\/www.agrund.com\/wp-content\/uploads\/2013\/05\/anos-50-inspiram-o-inverno-da-rich-5.jpg\"><img aria-describedby=\"caption-attachment-72226\" decoding=\"async\" loading=\"lazy\" class=\"size-full wp-image-72226\" alt=\"Anos 50 inspiram o inverno da Rich\" src=\"https:\/\/i0.wp.com\/www.agrund.com\/wp-content\/uploads\/2013\/05\/anos-50-inspiram-o-inverno-da-rich-5.jpg?resize=500%2C544\" width=\"500\" height=\"544\" data-recalc-dims=\"1\" \/><\/a><p id=\"caption-attachment-72226\" class=\"wp-caption-text\">Anos 50 inspiram o inverno da Rich<\/p><\/div>\n<p>Imagens: Reprodu\u00e7\u00e3o.<\/p>\n","protected":false},"excerpt":{"rendered":"<p>O Inverno 2013 da Rich foi buscar inspira\u00e7\u00e3o no estilo masculino italiano dos anos 50. O homem resgatado pela marca \u00e9 bo\u00eamio, viril e elegante, que usa a alfaiataria como arma de sedu\u00e7\u00e3o. C\u00e9sar Zanchet, diretor executivo e respons\u00e1vel pela coordena\u00e7\u00e3o de estilo da marca para a temporada, prop\u00f5e modelagem slim, looks monocrom\u00e1ticos ou em [&hellip;]<\/p>\n","protected":false},"author":8,"featured_media":72227,"comment_status":"open","ping_status":"open","sticky":false,"template":"","format":"standard","meta":{"jetpack_post_was_ever_published":false,"_jetpack_newsletter_access":"","jetpack_publicize_message":"","jetpack_is_tweetstorm":false,"jetpack_publicize_feature_enabled":true,"jetpack_social_post_already_shared":true,"jetpack_social_options":{"image_generator_settings":{"template":"highway","enabled":false}}},"categories":[6],"tags":[],"jetpack_publicize_connections":[],"jetpack_featured_media_url":"","jetpack_sharing_enabled":true,"jetpack_shortlink":"https:\/\/wp.me\/p3Hz0n-iMR","jetpack_likes_enabled":true,"_links":{"self":[{"href":"https:\/\/agrund.com\/index.php\/wp-json\/wp\/v2\/posts\/72221"}],"collection":[{"href":"https:\/\/agrund.com\/index.php\/wp-json\/wp\/v2\/posts"}],"about":[{"href":"https:\/\/agrund.com\/index.php\/wp-json\/wp\/v2\/types\/post"}],"author":[{"embeddable":true,"href":"https:\/\/agrund.com\/index.php\/wp-json\/wp\/v2\/users\/8"}],"replies":[{"embeddable":true,"href":"https:\/\/agrund.com\/index.php\/wp-json\/wp\/v2\/comments?post=72221"}],"version-history":[{"count":0,"href":"https:\/\/agrund.com\/index.php\/wp-json\/wp\/v2\/posts\/72221\/revisions"}],"wp:featuredmedia":[{"embeddable":true,"href":"https:\/\/agrund.com\/index.php\/wp-json\/"}],"wp:attachment":[{"href":"https:\/\/agrund.com\/index.php\/wp-json\/wp\/v2\/media?parent=72221"}],"wp:term":[{"taxonomy":"category","embeddable":true,"href":"https:\/\/agrund.com\/index.php\/wp-json\/wp\/v2\/categories?post=72221"},{"taxonomy":"post_tag","embeddable":true,"href":"https:\/\/agrund.com\/index.php\/wp-json\/wp\/v2\/tags?post=72221"}],"curies":[{"name":"wp","href":"https:\/\/api.w.org\/{rel}","templated":true}]}}