{"id":72215,"date":"2013-05-20T14:00:58","date_gmt":"2013-05-20T17:00:58","guid":{"rendered":"http:\/\/www.agrund.com\/?p=72215"},"modified":"2013-05-20T14:00:58","modified_gmt":"2013-05-20T17:00:58","slug":"saiba-o-que-os-baixinhos-devem-usar","status":"publish","type":"post","link":"https:\/\/agrund.com\/index.php\/saiba-o-que-os-baixinhos-devem-usar\/","title":{"rendered":"Saiba o que os baixinhos devem usar"},"content":{"rendered":"<p>A partir dessa semana mostrarei para voc\u00eas alguns truques que podem valorizar suas caracter\u00edsticas positivas e disfar\u00e7ar aquilo que te incomoda. Por isso setorizei os posts em bi\u00f3tipos. E para come\u00e7ar, falarei dos baixinhos. Como alongar visualmente a silhueta, quais pe\u00e7as s\u00e3o imprescind\u00edveis para voc\u00ea ter no guarda roupas e que voc\u00ea deve investir, e mais ainda como fazer combina\u00e7\u00f5es que podem levantar sua autoestima e deix\u00e1-lo mais confiante na hora de escolher a roupa certa para cada ocasi\u00e3o.<\/p>\n<p>Bermudas devem ser na altura do joelho ou de prefer\u00eancia acima dele. Quando qualquer um usa esse comprimento, a sensa\u00e7\u00e3o \u00e9 de que a pessoa \u00e9 mais alta visualmente. Sugiro que voc\u00ea fa\u00e7a o teste no espelho. Se ainda n\u00e3o conseguir visualizar, fotografe-se. O mesmo vale para as sungas. Esque\u00e7a os sung\u00f5es, prefira aqueles que t\u00eam uma sunga tipo nadador. Elas alongar\u00e3o suas pernas.<\/p>\n<p>Na hora de escolher camisas sociais, minha sugest\u00e3o \u00e9 que voc\u00ea prefira as com listras na vertical porque elas dar\u00e3o um efeito de alongar visualmente. Opte por colarinhos pequenos. \u00c9 muito importante que voc\u00ea escolha um tamanho de acordo com seu f\u00edsico. Tecido sobrando em quem \u00e9 mais baixo pode parecer que a roupa n\u00e3o \u00e9 sua. Ali\u00e1s, essa regra vale para todas as pe\u00e7as que voc\u00ea for vestir ou usar.<\/p>\n<p>As cal\u00e7as podem trazer um pouco de pavor na hora de experiment\u00e1-las em qualquer loja, principalmente as de jeans ou sarja. A dica aqui \u00e9 que a pe\u00e7a deve vestir bem nas coxas e bumbum. Aqui no Brasil ainda n\u00e3o temos uma padronagem de tamanho a partir da estatura, ent\u00e3o se oriente por essas medidas e depois pe\u00e7a para uma costureira ou alfaiata, at\u00e9 mesmo da pr\u00f3pria loja, fazer os ajustes para voc\u00ea.<\/p>\n<p>Quando o assunto \u00e9 blazer voc\u00ea deve optar por um preto ou azul escuro e com um ou dois bot\u00f5es para criar aquele V no torso. Al\u00e9m de parecer mais forte, vai alongar tamb\u00e9m a silhueta. Como a maioria das cal\u00e7as s\u00e3o nesses tons, ent\u00e3o voc\u00ea cria uma ilus\u00e3o de que voc\u00ea \u00e9 mais alto quando usa monocromia. Lembre-se que os modelos slim ou mais pr\u00f3ximos ao corpo favorecem tamb\u00e9m os mais baixinhos. A mesma regra vai para os ternos.<\/p>\n<p>Veja a produ\u00e7\u00e3o da banda inglesa The Wanted. Perfeita!<\/p>\n<div id=\"attachment_72269\" style=\"width: 460px\" class=\"wp-caption aligncenter\"><a href=\"https:\/\/i0.wp.com\/www.agrund.com\/wp-content\/uploads\/2013\/05\/Paleto-Terno-2Botoes-The-Wanted.jpg\"><img aria-describedby=\"caption-attachment-72269\" decoding=\"async\" loading=\"lazy\" class=\"size-full wp-image-72269\" alt=\"Saiba o que os  baixinhos devem usar\" src=\"https:\/\/i0.wp.com\/www.agrund.com\/wp-content\/uploads\/2013\/05\/Paleto-Terno-2Botoes-The-Wanted.jpg?resize=450%2C302\" width=\"450\" height=\"302\" data-recalc-dims=\"1\" \/><\/a><p id=\"caption-attachment-72269\" class=\"wp-caption-text\">Saiba o que os baixinhos devem usar<\/p><\/div>\n<p>Agora pense:<\/p>\n<p>1 \u2013 Em usar uma bermuda com camisa de listras na vertical que pode ser uma boa alternativa para uma tarde mais agrad\u00e1vel. Use com alpargatas para deixar o visual mais descontra\u00eddo. E n\u00e3o esque\u00e7a de prender um pouco sua camisa na cintura. Muitas vezes o comprimento delas s\u00e3o longos.<\/p>\n<div id=\"attachment_72216\" style=\"width: 460px\" class=\"wp-caption aligncenter\"><a href=\"https:\/\/i0.wp.com\/www.agrund.com\/wp-content\/uploads\/2013\/05\/Bermuda-r-Groove.jpg\"><img aria-describedby=\"caption-attachment-72216\" decoding=\"async\" loading=\"lazy\" class=\"size-full wp-image-72216\" alt=\"Saiba o que os  baixinhos devem usar - Camisa de listras\" src=\"https:\/\/i0.wp.com\/www.agrund.com\/wp-content\/uploads\/2013\/05\/Bermuda-r-Groove.jpg?resize=450%2C677\" width=\"450\" height=\"677\" data-recalc-dims=\"1\" \/><\/a><p id=\"caption-attachment-72216\" class=\"wp-caption-text\">Saiba o que os baixinhos devem usar<\/p><\/div>\n<p>&nbsp;<\/p>\n<p>&nbsp;<\/p>\n<p>2- Para usar a bainha da cal\u00e7a virada e curta como estamos vendo nas passarelas, voc\u00ea deve ter a consci\u00eancia que esse efeito encurta visualmente<\/p>\n<div id=\"attachment_72266\" style=\"width: 410px\" class=\"wp-caption aligncenter\"><a href=\"https:\/\/i0.wp.com\/www.agrund.com\/wp-content\/uploads\/2013\/05\/calca-dobrada.jpg\"><img aria-describedby=\"caption-attachment-72266\" decoding=\"async\" loading=\"lazy\" class=\" wp-image-72266 \" alt=\"Saiba o que os  baixinhos devem usar\" src=\"https:\/\/i0.wp.com\/www.agrund.com\/wp-content\/uploads\/2013\/05\/calca-dobrada.jpg?resize=400%2C602\" width=\"400\" height=\"602\" data-recalc-dims=\"1\" \/><\/a><p id=\"caption-attachment-72266\" class=\"wp-caption-text\">Saiba o que os baixinhos devem usar<\/p><\/div>\n<p>3\u2013 O que mais vale \u00e9 voc\u00ea se sentir bem, mas usando a moda a seu favor!<\/p>\n<p>Um exemplo de look correto e bem usado por Tom Cruise \u00e9 esse aqui abaixo.\u00a0Quando for usar terno ou palet\u00f3, a melhor combina\u00e7\u00e3o s\u00e3o as camisas com listras.Veja todas as dicas em uma produ\u00e7\u00e3o s\u00f3!<\/p>\n<div id=\"attachment_72217\" style=\"width: 460px\" class=\"wp-caption aligncenter\"><a href=\"https:\/\/i0.wp.com\/www.agrund.com\/wp-content\/uploads\/2013\/05\/Tom-cruise.jpg\"><img aria-describedby=\"caption-attachment-72217\" decoding=\"async\" loading=\"lazy\" class=\"size-full wp-image-72217\" alt=\"Saiba o que os  baixinhos devem usar\" src=\"https:\/\/i0.wp.com\/www.agrund.com\/wp-content\/uploads\/2013\/05\/Tom-cruise.jpg?resize=450%2C569\" width=\"450\" height=\"569\" data-recalc-dims=\"1\" \/><\/a><p id=\"caption-attachment-72217\" class=\"wp-caption-text\">Saiba o que os baixinhos devem usar<\/p><\/div>\n<p>4 \u2013 Lembrando que as jaquetas e casacos devem ser curtos, assim voc\u00ea mostrar\u00e1 mais pernas e logicamente estar\u00e1 mais alto visualmente. Passe longe dos sobretudos e trench coat.<\/p>\n<div id=\"attachment_72219\" style=\"width: 460px\" class=\"wp-caption aligncenter\"><a href=\"https:\/\/i0.wp.com\/www.agrund.com\/wp-content\/uploads\/2013\/05\/Canali-Cal\u00e7a-e-jaquetas-curtas1.jpg\"><img aria-describedby=\"caption-attachment-72219\" decoding=\"async\" loading=\"lazy\" class=\"size-full wp-image-72219\" alt=\"Saiba o que os  baixinhos devem usar\" src=\"https:\/\/i0.wp.com\/www.agrund.com\/wp-content\/uploads\/2013\/05\/Canali-Cal\u00e7a-e-jaquetas-curtas1.jpg?resize=450%2C677\" width=\"450\" height=\"677\" data-recalc-dims=\"1\" \/><\/a><p id=\"caption-attachment-72219\" class=\"wp-caption-text\">Saiba o que os baixinhos devem usar<\/p><\/div>\n<div id=\"attachment_72220\" style=\"width: 460px\" class=\"wp-caption aligncenter\"><a href=\"https:\/\/i0.wp.com\/www.agrund.com\/wp-content\/uploads\/2013\/05\/Gucci-Jaqueta-curta.jpg\"><img aria-describedby=\"caption-attachment-72220\" decoding=\"async\" loading=\"lazy\" class=\"size-full wp-image-72220\" alt=\"Saiba o que os  baixinhos devem usar\" src=\"https:\/\/i0.wp.com\/www.agrund.com\/wp-content\/uploads\/2013\/05\/Gucci-Jaqueta-curta.jpg?resize=450%2C675\" width=\"450\" height=\"675\" data-recalc-dims=\"1\" \/><\/a><p id=\"caption-attachment-72220\" class=\"wp-caption-text\">Saiba o que os baixinhos devem usar<\/p><\/div>\n<p>Semana que vem tem mais!<\/p>\n<p>Imagens: Reprodu\u00e7\u00e3o.<\/p>\n","protected":false},"excerpt":{"rendered":"<p>A partir dessa semana mostrarei para voc\u00eas alguns truques que podem valorizar suas caracter\u00edsticas positivas e disfar\u00e7ar aquilo que te incomoda. Por isso setorizei os posts em bi\u00f3tipos. E para come\u00e7ar, falarei dos baixinhos. Como alongar visualmente a silhueta, quais pe\u00e7as s\u00e3o imprescind\u00edveis para voc\u00ea ter no guarda roupas e que voc\u00ea deve investir, e [&hellip;]<\/p>\n","protected":false},"author":8,"featured_media":72267,"comment_status":"open","ping_status":"open","sticky":false,"template":"","format":"standard","meta":{"jetpack_post_was_ever_published":false,"_jetpack_newsletter_access":"","jetpack_publicize_message":"","jetpack_is_tweetstorm":false,"jetpack_publicize_feature_enabled":true,"jetpack_social_post_already_shared":true,"jetpack_social_options":{"image_generator_settings":{"template":"highway","enabled":false}}},"categories":[6],"tags":[],"jetpack_publicize_connections":[],"jetpack_featured_media_url":"","jetpack_sharing_enabled":true,"jetpack_shortlink":"https:\/\/wp.me\/p3Hz0n-iML","jetpack_likes_enabled":true,"_links":{"self":[{"href":"https:\/\/agrund.com\/index.php\/wp-json\/wp\/v2\/posts\/72215"}],"collection":[{"href":"https:\/\/agrund.com\/index.php\/wp-json\/wp\/v2\/posts"}],"about":[{"href":"https:\/\/agrund.com\/index.php\/wp-json\/wp\/v2\/types\/post"}],"author":[{"embeddable":true,"href":"https:\/\/agrund.com\/index.php\/wp-json\/wp\/v2\/users\/8"}],"replies":[{"embeddable":true,"href":"https:\/\/agrund.com\/index.php\/wp-json\/wp\/v2\/comments?post=72215"}],"version-history":[{"count":0,"href":"https:\/\/agrund.com\/index.php\/wp-json\/wp\/v2\/posts\/72215\/revisions"}],"wp:featuredmedia":[{"embeddable":true,"href":"https:\/\/agrund.com\/index.php\/wp-json\/"}],"wp:attachment":[{"href":"https:\/\/agrund.com\/index.php\/wp-json\/wp\/v2\/media?parent=72215"}],"wp:term":[{"taxonomy":"category","embeddable":true,"href":"https:\/\/agrund.com\/index.php\/wp-json\/wp\/v2\/categories?post=72215"},{"taxonomy":"post_tag","embeddable":true,"href":"https:\/\/agrund.com\/index.php\/wp-json\/wp\/v2\/tags?post=72215"}],"curies":[{"name":"wp","href":"https:\/\/api.w.org\/{rel}","templated":true}]}}