{"id":72079,"date":"2013-05-16T19:30:54","date_gmt":"2013-05-16T22:30:54","guid":{"rendered":"http:\/\/www.agrund.com\/?p=72079"},"modified":"2013-05-16T19:30:54","modified_gmt":"2013-05-16T22:30:54","slug":"brasileiro-esta-entre-os-finalistas-de-premiacao-de-moda-francesa","status":"publish","type":"post","link":"https:\/\/agrund.com\/index.php\/brasileiro-esta-entre-os-finalistas-de-premiacao-de-moda-francesa\/","title":{"rendered":"Brasileiro est\u00e1 entre os finalistas de premia\u00e7\u00e3o de moda francesa"},"content":{"rendered":"<p>Foi divulgada a lista com os sete finalistas da premia\u00e7\u00e3o da Association Nationale pour le D\u00e9veloppement des Arts de la Mode e um brasileiro apareceu entre os nomes. Pedro Louren\u00e7o est\u00e1 concorrendo ao pr\u00eamio anual da institui\u00e7\u00e3o que visa incentivar talentos emergentes dentro da ind\u00fastria fashion na Fran\u00e7a.<\/p>\n<p>Para a sele\u00e7\u00e3o, os designers tiveram que enviar um plano de neg\u00f3cios e seus croquis da futura cole\u00e7\u00e3o inverno 2014. O escolhido receber\u00e1 \u20ac 250 mil de investimento na marca, \u20ac 10 mil em cristais Swarovski para utilizar em sua cole\u00e7\u00e3o, uma vitrine virtual no TheCorner.com e a orienta\u00e7\u00e3o de Renzo Rosso durante duas temporadas de moda. A cerim\u00f4nia oficial que anunciar\u00e1 o vencedor ser\u00e1 no dia 04 de julho.<\/p>\n<div id=\"attachment_72080\" style=\"width: 662px\" class=\"wp-caption aligncenter\"><a href=\"https:\/\/i0.wp.com\/www.agrund.com\/wp-content\/uploads\/2013\/05\/brasileiro-esta-entre-os-finalistas-de-premiacao-de-moda-francesa.jpg\"><img aria-describedby=\"caption-attachment-72080\" decoding=\"async\" loading=\"lazy\" class=\"size-full wp-image-72080\" alt=\"Brasileiro est\u00e1 entre os finalistas de premia\u00e7\u00e3o de moda francesa\" src=\"https:\/\/i0.wp.com\/www.agrund.com\/wp-content\/uploads\/2013\/05\/brasileiro-esta-entre-os-finalistas-de-premiacao-de-moda-francesa.jpg?resize=652%2C408\" width=\"652\" height=\"408\" data-recalc-dims=\"1\" \/><\/a><p id=\"caption-attachment-72080\" class=\"wp-caption-text\">Brasileiro est\u00e1 entre os finalistas de premia\u00e7\u00e3o de moda francesa<\/p><\/div>\n<p>Imagem: Reprodu\u00e7\u00e3o.<\/p>\n","protected":false},"excerpt":{"rendered":"<p>Foi divulgada a lista com os sete finalistas da premia\u00e7\u00e3o da Association Nationale pour le D\u00e9veloppement des Arts de la Mode e um brasileiro apareceu entre os nomes. Pedro Louren\u00e7o est\u00e1 concorrendo ao pr\u00eamio anual da institui\u00e7\u00e3o que visa incentivar talentos emergentes dentro da ind\u00fastria fashion na Fran\u00e7a. Para a sele\u00e7\u00e3o, os designers tiveram que [&hellip;]<\/p>\n","protected":false},"author":8,"featured_media":72081,"comment_status":"open","ping_status":"open","sticky":false,"template":"","format":"standard","meta":{"jetpack_post_was_ever_published":false,"_jetpack_newsletter_access":"","jetpack_publicize_message":"","jetpack_is_tweetstorm":false,"jetpack_publicize_feature_enabled":true,"jetpack_social_post_already_shared":true,"jetpack_social_options":{"image_generator_settings":{"template":"highway","enabled":false}}},"categories":[2],"tags":[],"jetpack_publicize_connections":[],"jetpack_featured_media_url":"","jetpack_sharing_enabled":true,"jetpack_shortlink":"https:\/\/wp.me\/p3Hz0n-iKz","jetpack_likes_enabled":true,"_links":{"self":[{"href":"https:\/\/agrund.com\/index.php\/wp-json\/wp\/v2\/posts\/72079"}],"collection":[{"href":"https:\/\/agrund.com\/index.php\/wp-json\/wp\/v2\/posts"}],"about":[{"href":"https:\/\/agrund.com\/index.php\/wp-json\/wp\/v2\/types\/post"}],"author":[{"embeddable":true,"href":"https:\/\/agrund.com\/index.php\/wp-json\/wp\/v2\/users\/8"}],"replies":[{"embeddable":true,"href":"https:\/\/agrund.com\/index.php\/wp-json\/wp\/v2\/comments?post=72079"}],"version-history":[{"count":0,"href":"https:\/\/agrund.com\/index.php\/wp-json\/wp\/v2\/posts\/72079\/revisions"}],"wp:featuredmedia":[{"embeddable":true,"href":"https:\/\/agrund.com\/index.php\/wp-json\/"}],"wp:attachment":[{"href":"https:\/\/agrund.com\/index.php\/wp-json\/wp\/v2\/media?parent=72079"}],"wp:term":[{"taxonomy":"category","embeddable":true,"href":"https:\/\/agrund.com\/index.php\/wp-json\/wp\/v2\/categories?post=72079"},{"taxonomy":"post_tag","embeddable":true,"href":"https:\/\/agrund.com\/index.php\/wp-json\/wp\/v2\/tags?post=72079"}],"curies":[{"name":"wp","href":"https:\/\/api.w.org\/{rel}","templated":true}]}}