{"id":719,"date":"2010-09-28T15:09:57","date_gmt":"2010-09-28T18:09:57","guid":{"rendered":"http:\/\/www.agrund.com\/blogs\/notas\/?p=719"},"modified":"2010-09-28T15:09:57","modified_gmt":"2010-09-28T18:09:57","slug":"personagem-corrupto-de-ben-affleck","status":"publish","type":"post","link":"https:\/\/agrund.com\/index.php\/personagem-corrupto-de-ben-affleck\/","title":{"rendered":"Personagem &#8216;corrupto&#8217; de Ben Affleck"},"content":{"rendered":"<div id=\"attachment_720\" style=\"width: 460px\" class=\"wp-caption alignleft\"><img aria-describedby=\"caption-attachment-720\" decoding=\"async\" loading=\"lazy\" class=\"size-full wp-image-720\" title=\"Ben Aflek\" src=\"\/wp-content\/uploads\/2010\/09\/Ben-Aflek.jpg\" alt=\"\" width=\"450\" height=\"450\" \/><p id=\"caption-attachment-720\" class=\"wp-caption-text\">Bangshowbiz<\/p><\/div>\n<p>Ben Affleck adorou interpretar um personagem &#8216;corrupto&#8217; em &#8216;The Town&#8217;.<\/p>\n<p>O ator e diretor interpreta o ladr\u00e3o Doug MacRay no drama de crime, e admite que gostou muito do papel pois foi algo que ele nunca havia feito antes.<\/p>\n<p>Ele disse: &#8221;Bem, eu queria fazer aquele papel.\u00a0 Era o tipo de personagem que eu nunca havia interpretado; a moralidade dele \u00e9 amb\u00edgua e ele obviamente n\u00e3o est\u00e1 fazendo a coisa certa o tempo todo, mas est\u00e1 tentando mudar em uma comunidade onde a observa\u00e7\u00e3o interior n\u00e3o \u00e9 aceita.&#8221;<\/p>\n<p>Ben tamb\u00e9m admite que n\u00e3o achou dif\u00edcil se dirigir no filme &#8211; que \u00e9 baseado em uma s\u00e9rie de assaltos de banco que ocorreram em Boston nos anos 90.<\/p>\n<p>Ele disse ao jornal Irish Independent: &#8221;Para mim, a dire\u00e7\u00e3o acontece na edi\u00e7\u00e3o: eu filmo as cenas v\u00e1rias vezes para poder finalmente escolher as melhores cenas e junt\u00e1-las.<\/p>\n<p>&#8221;E no meu caso, n\u00e3o \u00e9 muito dif\u00edcil porque odeio a maioria das minhas cenas e acabo jogando a maioria fora!&#8221;<\/p>\n<p>&#8216;The Town&#8217;, no qual tamb\u00e9m estrelam Blake Lively, Rebecca Hall e Jeremy Renner, ser\u00e1 lan\u00e7ado mundialmente em setembro e outubro.<\/p>\n","protected":false},"excerpt":{"rendered":"<p>Ben Affleck adorou interpretar um personagem &#8216;corrupto&#8217; em &#8216;The Town&#8217;. O ator e diretor interpreta o ladr\u00e3o Doug MacRay no drama de crime, e admite que gostou muito do papel pois foi algo que ele nunca havia feito antes. Ele disse: &#8221;Bem, eu queria fazer aquele papel.\u00a0 Era o tipo de personagem que eu nunca [&hellip;]<\/p>\n","protected":false},"author":8,"featured_media":720,"comment_status":"open","ping_status":"open","sticky":false,"template":"","format":"standard","meta":{"jetpack_post_was_ever_published":false,"_jetpack_newsletter_access":"","jetpack_publicize_message":"","jetpack_is_tweetstorm":false,"jetpack_publicize_feature_enabled":true,"jetpack_social_post_already_shared":false,"jetpack_social_options":{"image_generator_settings":{"template":"highway","enabled":false}}},"categories":[2],"tags":[],"jetpack_publicize_connections":[],"jetpack_featured_media_url":"","jetpack_sharing_enabled":true,"jetpack_shortlink":"https:\/\/wp.me\/p3Hz0n-bB","jetpack_likes_enabled":true,"_links":{"self":[{"href":"https:\/\/agrund.com\/index.php\/wp-json\/wp\/v2\/posts\/719"}],"collection":[{"href":"https:\/\/agrund.com\/index.php\/wp-json\/wp\/v2\/posts"}],"about":[{"href":"https:\/\/agrund.com\/index.php\/wp-json\/wp\/v2\/types\/post"}],"author":[{"embeddable":true,"href":"https:\/\/agrund.com\/index.php\/wp-json\/wp\/v2\/users\/8"}],"replies":[{"embeddable":true,"href":"https:\/\/agrund.com\/index.php\/wp-json\/wp\/v2\/comments?post=719"}],"version-history":[{"count":0,"href":"https:\/\/agrund.com\/index.php\/wp-json\/wp\/v2\/posts\/719\/revisions"}],"wp:featuredmedia":[{"embeddable":true,"href":"https:\/\/agrund.com\/index.php\/wp-json\/"}],"wp:attachment":[{"href":"https:\/\/agrund.com\/index.php\/wp-json\/wp\/v2\/media?parent=719"}],"wp:term":[{"taxonomy":"category","embeddable":true,"href":"https:\/\/agrund.com\/index.php\/wp-json\/wp\/v2\/categories?post=719"},{"taxonomy":"post_tag","embeddable":true,"href":"https:\/\/agrund.com\/index.php\/wp-json\/wp\/v2\/tags?post=719"}],"curies":[{"name":"wp","href":"https:\/\/api.w.org\/{rel}","templated":true}]}}