{"id":71854,"date":"2013-05-14T19:30:46","date_gmt":"2013-05-14T22:30:46","guid":{"rendered":"http:\/\/www.agrund.com\/?p=71854"},"modified":"2013-05-14T19:30:46","modified_gmt":"2013-05-14T22:30:46","slug":"marc-jacobs-e-cara-delevingne-em-campanha-contra-o-cancer-de-pele","status":"publish","type":"post","link":"https:\/\/agrund.com\/index.php\/marc-jacobs-e-cara-delevingne-em-campanha-contra-o-cancer-de-pele\/","title":{"rendered":"Marc Jacobs e Cara Delevingne em campanha contra o c\u00e2ncer de pele"},"content":{"rendered":"<p>A top do momento Cara Delevingne e Marc Jacobs est\u00e3o juntos na nova campanha contra o c\u00e2ncer de pele, liderada pelo estilista desde 2006. Este ano a campanha,,que j\u00e1 contou com outras estrelas como Kate Moss, Miranda kerr e Victoria Beckham, traz uma foto nua de Cara estampada em uma t-shirt seguida da frase &#8220;Protect The Skin You&#8217;re In&#8221;, em portugu\u00eas &#8220;Proteja a pele em que voc\u00ea est\u00e1&#8221;.<\/p>\n<p>O modelo estar\u00e1 \u00e0 venda no e-commerce do estilista por US$ 35 e ter\u00e1 toda a sua renda revertida para o Instituto de C\u00e2ncer de Pele de Nova York. Veja:<\/p>\n<div id=\"attachment_71855\" style=\"width: 523px\" class=\"wp-caption aligncenter\"><a href=\"https:\/\/i0.wp.com\/www.agrund.com\/wp-content\/uploads\/2013\/05\/marc-jacobs-e-cara-delevingne-em-campanha-contra-o-cancer-de-pele.jpg\"><img aria-describedby=\"caption-attachment-71855\" decoding=\"async\" loading=\"lazy\" class=\" wp-image-71855 \" alt=\"Marc Jacobs e Cara Delevingne em campanha contra o c\u00e2ncer de pele\" src=\"https:\/\/i0.wp.com\/www.agrund.com\/wp-content\/uploads\/2013\/05\/marc-jacobs-e-cara-delevingne-em-campanha-contra-o-cancer-de-pele.jpg?resize=513%2C366\" width=\"513\" height=\"366\" data-recalc-dims=\"1\" \/><\/a><p id=\"caption-attachment-71855\" class=\"wp-caption-text\">Marc Jacobs e Cara Delevingne em campanha contra o c\u00e2ncer de pele<\/p><\/div>\n<p>Imagem: Reprodu\u00e7\u00e3o.<\/p>\n","protected":false},"excerpt":{"rendered":"<p>A top do momento Cara Delevingne e Marc Jacobs est\u00e3o juntos na nova campanha contra o c\u00e2ncer de pele, liderada pelo estilista desde 2006. Este ano a campanha,,que j\u00e1 contou com outras estrelas como Kate Moss, Miranda kerr e Victoria Beckham, traz uma foto nua de Cara estampada em uma t-shirt seguida da frase &#8220;Protect [&hellip;]<\/p>\n","protected":false},"author":8,"featured_media":71856,"comment_status":"open","ping_status":"open","sticky":false,"template":"","format":"standard","meta":{"jetpack_post_was_ever_published":false,"_jetpack_newsletter_access":"","jetpack_publicize_message":"","jetpack_is_tweetstorm":false,"jetpack_publicize_feature_enabled":true,"jetpack_social_post_already_shared":true,"jetpack_social_options":{"image_generator_settings":{"template":"highway","enabled":false}}},"categories":[2],"tags":[],"jetpack_publicize_connections":[],"jetpack_featured_media_url":"","jetpack_sharing_enabled":true,"jetpack_shortlink":"https:\/\/wp.me\/p3Hz0n-iGW","jetpack_likes_enabled":true,"_links":{"self":[{"href":"https:\/\/agrund.com\/index.php\/wp-json\/wp\/v2\/posts\/71854"}],"collection":[{"href":"https:\/\/agrund.com\/index.php\/wp-json\/wp\/v2\/posts"}],"about":[{"href":"https:\/\/agrund.com\/index.php\/wp-json\/wp\/v2\/types\/post"}],"author":[{"embeddable":true,"href":"https:\/\/agrund.com\/index.php\/wp-json\/wp\/v2\/users\/8"}],"replies":[{"embeddable":true,"href":"https:\/\/agrund.com\/index.php\/wp-json\/wp\/v2\/comments?post=71854"}],"version-history":[{"count":0,"href":"https:\/\/agrund.com\/index.php\/wp-json\/wp\/v2\/posts\/71854\/revisions"}],"wp:featuredmedia":[{"embeddable":true,"href":"https:\/\/agrund.com\/index.php\/wp-json\/"}],"wp:attachment":[{"href":"https:\/\/agrund.com\/index.php\/wp-json\/wp\/v2\/media?parent=71854"}],"wp:term":[{"taxonomy":"category","embeddable":true,"href":"https:\/\/agrund.com\/index.php\/wp-json\/wp\/v2\/categories?post=71854"},{"taxonomy":"post_tag","embeddable":true,"href":"https:\/\/agrund.com\/index.php\/wp-json\/wp\/v2\/tags?post=71854"}],"curies":[{"name":"wp","href":"https:\/\/api.w.org\/{rel}","templated":true}]}}