{"id":71687,"date":"2013-05-13T22:00:13","date_gmt":"2013-05-14T01:00:13","guid":{"rendered":"http:\/\/www.agrund.com\/?p=71687"},"modified":"2013-05-13T22:00:13","modified_gmt":"2013-05-14T01:00:13","slug":"giorgio-armani-e-seu-estilo","status":"publish","type":"post","link":"https:\/\/agrund.com\/index.php\/giorgio-armani-e-seu-estilo\/","title":{"rendered":"Giorgio Armani e seu estilo"},"content":{"rendered":"<p>Estilista e \u00edcone de moda, o italiano Giorgio Armani \u00e9 a capa da revista GQ Italia. O todo poderoso aparece usando um look preto, mas com texturas diferenciadas entre si. O sweater tradicional usado com cal\u00e7a de sarja deixa a produ\u00e7\u00e3o bem jovem. Na entrevista ele fala sobre sua vida, de como \u00e9 disciplinado e obedece a sua rotina. Fala entre outras coisas de pol\u00edtica e, claro, de sua heran\u00e7a para a moda mundial. Confira a capa aqui!<\/p>\n<div id=\"attachment_71689\" style=\"width: 560px\" class=\"wp-caption aligncenter\"><a href=\"https:\/\/i0.wp.com\/www.agrund.com\/wp-content\/uploads\/2013\/05\/giorgio-armani-e-seu-estilo.jpg\"><img aria-describedby=\"caption-attachment-71689\" decoding=\"async\" loading=\"lazy\" class=\"size-full wp-image-71689\" alt=\"Giorgio Armani e seu estilo\" src=\"https:\/\/i0.wp.com\/www.agrund.com\/wp-content\/uploads\/2013\/05\/giorgio-armani-e-seu-estilo.jpg?resize=550%2C724\" width=\"550\" height=\"724\" data-recalc-dims=\"1\" \/><\/a><p id=\"caption-attachment-71689\" class=\"wp-caption-text\">Giorgio Armani e seu estilo<\/p><\/div>\n<p>Imagem: Reprodu\u00e7\u00e3o.<\/p>\n","protected":false},"excerpt":{"rendered":"<p>Estilista e \u00edcone de moda, o italiano Giorgio Armani \u00e9 a capa da revista GQ Italia. O todo poderoso aparece usando um look preto, mas com texturas diferenciadas entre si. O sweater tradicional usado com cal\u00e7a de sarja deixa a produ\u00e7\u00e3o bem jovem. Na entrevista ele fala sobre sua vida, de como \u00e9 disciplinado e [&hellip;]<\/p>\n","protected":false},"author":8,"featured_media":71690,"comment_status":"open","ping_status":"open","sticky":false,"template":"","format":"standard","meta":{"jetpack_post_was_ever_published":false,"_jetpack_newsletter_access":"","jetpack_publicize_message":"","jetpack_is_tweetstorm":false,"jetpack_publicize_feature_enabled":true,"jetpack_social_post_already_shared":true,"jetpack_social_options":{"image_generator_settings":{"template":"highway","enabled":false}}},"categories":[6],"tags":[],"jetpack_publicize_connections":[],"jetpack_featured_media_url":"","jetpack_sharing_enabled":true,"jetpack_shortlink":"https:\/\/wp.me\/p3Hz0n-iEf","jetpack_likes_enabled":true,"_links":{"self":[{"href":"https:\/\/agrund.com\/index.php\/wp-json\/wp\/v2\/posts\/71687"}],"collection":[{"href":"https:\/\/agrund.com\/index.php\/wp-json\/wp\/v2\/posts"}],"about":[{"href":"https:\/\/agrund.com\/index.php\/wp-json\/wp\/v2\/types\/post"}],"author":[{"embeddable":true,"href":"https:\/\/agrund.com\/index.php\/wp-json\/wp\/v2\/users\/8"}],"replies":[{"embeddable":true,"href":"https:\/\/agrund.com\/index.php\/wp-json\/wp\/v2\/comments?post=71687"}],"version-history":[{"count":0,"href":"https:\/\/agrund.com\/index.php\/wp-json\/wp\/v2\/posts\/71687\/revisions"}],"wp:featuredmedia":[{"embeddable":true,"href":"https:\/\/agrund.com\/index.php\/wp-json\/"}],"wp:attachment":[{"href":"https:\/\/agrund.com\/index.php\/wp-json\/wp\/v2\/media?parent=71687"}],"wp:term":[{"taxonomy":"category","embeddable":true,"href":"https:\/\/agrund.com\/index.php\/wp-json\/wp\/v2\/categories?post=71687"},{"taxonomy":"post_tag","embeddable":true,"href":"https:\/\/agrund.com\/index.php\/wp-json\/wp\/v2\/tags?post=71687"}],"curies":[{"name":"wp","href":"https:\/\/api.w.org\/{rel}","templated":true}]}}