{"id":71677,"date":"2013-05-13T21:00:53","date_gmt":"2013-05-14T00:00:53","guid":{"rendered":"http:\/\/www.agrund.com\/?p=71677"},"modified":"2013-05-13T21:00:53","modified_gmt":"2013-05-14T00:00:53","slug":"o-geometrismo-maritmo-da-topman","status":"publish","type":"post","link":"https:\/\/agrund.com\/index.php\/o-geometrismo-maritmo-da-topman\/","title":{"rendered":"O geometrismo mar\u00edtmo da TopMan"},"content":{"rendered":"<p>N\u00f3s j\u00e1 contamos as novidades femininas da Topshop para este m\u00eas <a href=\"http:\/\/www.agrund.com\/topshop-lanca-colecao-especial-para-o-hemisferio-sul\/\">AQUI<\/a>, agora \u00e9 a vez dos homens. As lojas brasileiras da TopMan receber\u00e3o nas pr\u00f3ximas semanas uma cole\u00e7\u00e3o insiprada em temas mar\u00edtimos e viagens, tudo apresentado com muita estampa geom\u00e9trica e \u00e9tnica.<\/p>\n<p>A &#8216;The Porto LTD Collection&#8217; conta com pe\u00e7as que j\u00e1 foram lan\u00e7adas e fizeram sucesso anteriormente em outras TopMan do mundo, e agora chegam ao mercado brasileiro. Confira algumas pe\u00e7as:<\/p>\n<div id=\"attachment_71678\" style=\"width: 510px\" class=\"wp-caption aligncenter\"><a href=\"https:\/\/i0.wp.com\/www.agrund.com\/wp-content\/uploads\/2013\/05\/o-geometrismo-maritmo-da-topman-1.jpg\"><img aria-describedby=\"caption-attachment-71678\" decoding=\"async\" loading=\"lazy\" class=\"size-full wp-image-71678\" alt=\"O geometrismo mar\u00edtmo da TopMan\" src=\"https:\/\/i0.wp.com\/www.agrund.com\/wp-content\/uploads\/2013\/05\/o-geometrismo-maritmo-da-topman-1.jpg?resize=500%2C679\" width=\"500\" height=\"679\" data-recalc-dims=\"1\" \/><\/a><p id=\"caption-attachment-71678\" class=\"wp-caption-text\">O geometrismo mar\u00edtmo da TopMan<\/p><\/div>\n<div id=\"attachment_71679\" style=\"width: 510px\" class=\"wp-caption aligncenter\"><a href=\"https:\/\/i0.wp.com\/www.agrund.com\/wp-content\/uploads\/2013\/05\/o-geometrismo-maritmo-da-topman-2.jpg\"><img aria-describedby=\"caption-attachment-71679\" decoding=\"async\" loading=\"lazy\" class=\"size-full wp-image-71679\" alt=\"O geometrismo mar\u00edtmo da TopMan\" src=\"https:\/\/i0.wp.com\/www.agrund.com\/wp-content\/uploads\/2013\/05\/o-geometrismo-maritmo-da-topman-2.jpg?resize=500%2C679\" width=\"500\" height=\"679\" data-recalc-dims=\"1\" \/><\/a><p id=\"caption-attachment-71679\" class=\"wp-caption-text\">O geometrismo mar\u00edtmo da TopMan<\/p><\/div>\n<div id=\"attachment_71680\" style=\"width: 510px\" class=\"wp-caption aligncenter\"><a href=\"https:\/\/i0.wp.com\/www.agrund.com\/wp-content\/uploads\/2013\/05\/o-geometrismo-maritmo-da-topman-3.jpg\"><img aria-describedby=\"caption-attachment-71680\" decoding=\"async\" loading=\"lazy\" class=\"size-full wp-image-71680\" alt=\"O geometrismo mar\u00edtmo da TopMan\" src=\"https:\/\/i0.wp.com\/www.agrund.com\/wp-content\/uploads\/2013\/05\/o-geometrismo-maritmo-da-topman-3.jpg?resize=500%2C679\" width=\"500\" height=\"679\" data-recalc-dims=\"1\" \/><\/a><p id=\"caption-attachment-71680\" class=\"wp-caption-text\">O geometrismo mar\u00edtmo da TopMan<\/p><\/div>\n<div id=\"attachment_71681\" style=\"width: 510px\" class=\"wp-caption aligncenter\"><a href=\"https:\/\/i0.wp.com\/www.agrund.com\/wp-content\/uploads\/2013\/05\/o-geometrismo-maritmo-da-topman-4.jpg\"><img aria-describedby=\"caption-attachment-71681\" decoding=\"async\" loading=\"lazy\" class=\"size-full wp-image-71681\" alt=\"O geometrismo mar\u00edtmo da TopMan\" src=\"https:\/\/i0.wp.com\/www.agrund.com\/wp-content\/uploads\/2013\/05\/o-geometrismo-maritmo-da-topman-4.jpg?resize=500%2C679\" width=\"500\" height=\"679\" data-recalc-dims=\"1\" \/><\/a><p id=\"caption-attachment-71681\" class=\"wp-caption-text\">O geometrismo mar\u00edtmo da TopMan<\/p><\/div>\n<p>Imagens: Reprodu\u00e7\u00e3o.<\/p>\n","protected":false},"excerpt":{"rendered":"<p>N\u00f3s j\u00e1 contamos as novidades femininas da Topshop para este m\u00eas AQUI, agora \u00e9 a vez dos homens. As lojas brasileiras da TopMan receber\u00e3o nas pr\u00f3ximas semanas uma cole\u00e7\u00e3o insiprada em temas mar\u00edtimos e viagens, tudo apresentado com muita estampa geom\u00e9trica e \u00e9tnica. A &#8216;The Porto LTD Collection&#8217; conta com pe\u00e7as que j\u00e1 foram lan\u00e7adas [&hellip;]<\/p>\n","protected":false},"author":8,"featured_media":71682,"comment_status":"open","ping_status":"open","sticky":false,"template":"","format":"standard","meta":{"jetpack_post_was_ever_published":false,"_jetpack_newsletter_access":"","jetpack_publicize_message":"","jetpack_is_tweetstorm":false,"jetpack_publicize_feature_enabled":true,"jetpack_social_post_already_shared":true,"jetpack_social_options":{"image_generator_settings":{"template":"highway","enabled":false}}},"categories":[6],"tags":[],"jetpack_publicize_connections":[],"jetpack_featured_media_url":"","jetpack_sharing_enabled":true,"jetpack_shortlink":"https:\/\/wp.me\/p3Hz0n-iE5","jetpack_likes_enabled":true,"_links":{"self":[{"href":"https:\/\/agrund.com\/index.php\/wp-json\/wp\/v2\/posts\/71677"}],"collection":[{"href":"https:\/\/agrund.com\/index.php\/wp-json\/wp\/v2\/posts"}],"about":[{"href":"https:\/\/agrund.com\/index.php\/wp-json\/wp\/v2\/types\/post"}],"author":[{"embeddable":true,"href":"https:\/\/agrund.com\/index.php\/wp-json\/wp\/v2\/users\/8"}],"replies":[{"embeddable":true,"href":"https:\/\/agrund.com\/index.php\/wp-json\/wp\/v2\/comments?post=71677"}],"version-history":[{"count":0,"href":"https:\/\/agrund.com\/index.php\/wp-json\/wp\/v2\/posts\/71677\/revisions"}],"wp:featuredmedia":[{"embeddable":true,"href":"https:\/\/agrund.com\/index.php\/wp-json\/"}],"wp:attachment":[{"href":"https:\/\/agrund.com\/index.php\/wp-json\/wp\/v2\/media?parent=71677"}],"wp:term":[{"taxonomy":"category","embeddable":true,"href":"https:\/\/agrund.com\/index.php\/wp-json\/wp\/v2\/categories?post=71677"},{"taxonomy":"post_tag","embeddable":true,"href":"https:\/\/agrund.com\/index.php\/wp-json\/wp\/v2\/tags?post=71677"}],"curies":[{"name":"wp","href":"https:\/\/api.w.org\/{rel}","templated":true}]}}