{"id":7149,"date":"2011-03-28T17:00:06","date_gmt":"2011-03-28T20:00:06","guid":{"rendered":"http:\/\/www.agrund.com\/blogs\/notas\/?p=7149"},"modified":"2011-03-28T17:00:06","modified_gmt":"2011-03-28T20:00:06","slug":"teatro","status":"publish","type":"post","link":"https:\/\/agrund.com\/index.php\/teatro\/","title":{"rendered":"Teatro"},"content":{"rendered":"<p>Estr\u00e9ia dia 02 de Abril no Mube em S\u00e3o Paulo &#8216;A feia&#8217;.<\/p>\n<p>&#8220;Tenho tantos vestidos, enfeites e la\u00e7os, tenho talento para m\u00fasica e a maldita beleza interior, mas isso n\u00e3o basta, n\u00e3o \u00e9?&#8221; \u00c9 assim, com essa enorme press\u00e3o que a beleza exerce nos dias de hoje que o tema \u00e9 abordado por Cleide Piasecki em sua tragicom\u00e9dia.<\/p>\n<p>Informa\u00e7\u00f5es. <a href=\"http:\/\/www.mube.art.br\">www.mube.art.br<\/a><\/p>\n<p style=\"text-align: center\"><img decoding=\"async\" loading=\"lazy\" class=\"aligncenter size-full wp-image-7151\" src=\"https:\/\/i0.wp.com\/www.agrund.com\/arquivo\/notas\/files\/2011\/03\/convite.jpg?resize=466%2C282\" alt=\"\" width=\"466\" height=\"282\" data-recalc-dims=\"1\" \/><\/p>\n","protected":false},"excerpt":{"rendered":"<p>Estr\u00e9ia dia 02 de Abril no Mube em S\u00e3o Paulo &#8216;A feia&#8217;. &#8220;Tenho tantos vestidos, enfeites e la\u00e7os, tenho talento para m\u00fasica e a maldita beleza interior, mas isso n\u00e3o basta, n\u00e3o \u00e9?&#8221; \u00c9 assim, com essa enorme press\u00e3o que a beleza exerce nos dias de hoje que o tema \u00e9 abordado por Cleide Piasecki [&hellip;]<\/p>\n","protected":false},"author":8,"featured_media":7151,"comment_status":"open","ping_status":"open","sticky":false,"template":"","format":"standard","meta":{"jetpack_post_was_ever_published":false,"_jetpack_newsletter_access":"","jetpack_publicize_message":"","jetpack_is_tweetstorm":false,"jetpack_publicize_feature_enabled":true,"jetpack_social_post_already_shared":false,"jetpack_social_options":{"image_generator_settings":{"template":"highway","enabled":false}}},"categories":[2],"tags":[],"jetpack_publicize_connections":[],"jetpack_featured_media_url":"","jetpack_sharing_enabled":true,"jetpack_shortlink":"https:\/\/wp.me\/s3Hz0n-teatro","jetpack_likes_enabled":true,"_links":{"self":[{"href":"https:\/\/agrund.com\/index.php\/wp-json\/wp\/v2\/posts\/7149"}],"collection":[{"href":"https:\/\/agrund.com\/index.php\/wp-json\/wp\/v2\/posts"}],"about":[{"href":"https:\/\/agrund.com\/index.php\/wp-json\/wp\/v2\/types\/post"}],"author":[{"embeddable":true,"href":"https:\/\/agrund.com\/index.php\/wp-json\/wp\/v2\/users\/8"}],"replies":[{"embeddable":true,"href":"https:\/\/agrund.com\/index.php\/wp-json\/wp\/v2\/comments?post=7149"}],"version-history":[{"count":0,"href":"https:\/\/agrund.com\/index.php\/wp-json\/wp\/v2\/posts\/7149\/revisions"}],"wp:featuredmedia":[{"embeddable":true,"href":"https:\/\/agrund.com\/index.php\/wp-json\/"}],"wp:attachment":[{"href":"https:\/\/agrund.com\/index.php\/wp-json\/wp\/v2\/media?parent=7149"}],"wp:term":[{"taxonomy":"category","embeddable":true,"href":"https:\/\/agrund.com\/index.php\/wp-json\/wp\/v2\/categories?post=7149"},{"taxonomy":"post_tag","embeddable":true,"href":"https:\/\/agrund.com\/index.php\/wp-json\/wp\/v2\/tags?post=7149"}],"curies":[{"name":"wp","href":"https:\/\/api.w.org\/{rel}","templated":true}]}}