{"id":71302,"date":"2013-05-09T10:00:47","date_gmt":"2013-05-09T13:00:47","guid":{"rendered":"http:\/\/www.agrund.com\/?p=71302"},"modified":"2013-05-09T10:00:47","modified_gmt":"2013-05-09T13:00:47","slug":"verao-2014-moda-cores-resgata-os-anos-70","status":"publish","type":"post","link":"https:\/\/agrund.com\/index.php\/verao-2014-moda-cores-resgata-os-anos-70\/","title":{"rendered":"Ver\u00e3o 2014 :: Moda Cores resgata os anos 70"},"content":{"rendered":"<p>A empresa t\u00eaxtil Moda Cores traz de volta o despojamento e a eleg\u00e2ncia dos anos 70. O Sport de Luxo traz malhas compactas com forte tra\u00e7\u00e3o, neopreme, malhas pastilhadas e mesh \u2013 que tem o aspecto de rede. Os tecidos desse tema oferecem conforto, beleza e sofistica\u00e7\u00e3o.<br \/>\nJ\u00e1 o tema Bohemian Society traz malhas e tecidos planos que surgem transparentes e compactos. Sarja com efeito de textura, cetim , crepe com toque de seda e estampas \u00e9tnicas. As novidades em tecidos j\u00e1 podem ser encontradas no showroom da marca em S\u00e3o Paulo. Confira alguns tecidos e looks.<\/p>\n<div id=\"attachment_71304\" style=\"width: 410px\" class=\"wp-caption aligncenter\"><a href=\"https:\/\/i0.wp.com\/www.agrund.com\/wp-content\/uploads\/2013\/05\/verao-2014-moda-cores-resgata-os-anos-70-1.jpg\"><img aria-describedby=\"caption-attachment-71304\" decoding=\"async\" loading=\"lazy\" class=\"size-full wp-image-71304\" alt=\"Ver\u00e3o 2014 :: Moda Cores resgata os anos 70\" src=\"https:\/\/i0.wp.com\/www.agrund.com\/wp-content\/uploads\/2013\/05\/verao-2014-moda-cores-resgata-os-anos-70-1.jpg?resize=400%2C601\" width=\"400\" height=\"601\" data-recalc-dims=\"1\" \/><\/a><p id=\"caption-attachment-71304\" class=\"wp-caption-text\">Ver\u00e3o 2014 :: Moda Cores resgata os anos 70<\/p><\/div>\n<div id=\"attachment_71305\" style=\"width: 410px\" class=\"wp-caption aligncenter\"><a href=\"https:\/\/i0.wp.com\/www.agrund.com\/wp-content\/uploads\/2013\/05\/verao-2014-moda-cores-resgata-os-anos-70-2.jpg\"><img aria-describedby=\"caption-attachment-71305\" decoding=\"async\" loading=\"lazy\" class=\"size-full wp-image-71305\" alt=\"Ver\u00e3o 2014 :: Moda Cores resgata os anos 70\" src=\"https:\/\/i0.wp.com\/www.agrund.com\/wp-content\/uploads\/2013\/05\/verao-2014-moda-cores-resgata-os-anos-70-2.jpg?resize=400%2C599\" width=\"400\" height=\"599\" data-recalc-dims=\"1\" \/><\/a><p id=\"caption-attachment-71305\" class=\"wp-caption-text\">Ver\u00e3o 2014 :: Moda Cores resgata os anos 70<\/p><\/div>\n<div id=\"attachment_71306\" style=\"width: 410px\" class=\"wp-caption aligncenter\"><a href=\"https:\/\/i0.wp.com\/www.agrund.com\/wp-content\/uploads\/2013\/05\/verao-2014-moda-cores-resgata-os-anos-70-3.jpg\"><img aria-describedby=\"caption-attachment-71306\" decoding=\"async\" loading=\"lazy\" class=\"size-full wp-image-71306\" alt=\"Ver\u00e3o 2014 :: Moda Cores resgata os anos 70\" src=\"https:\/\/i0.wp.com\/www.agrund.com\/wp-content\/uploads\/2013\/05\/verao-2014-moda-cores-resgata-os-anos-70-3.jpg?resize=400%2C599\" width=\"400\" height=\"599\" data-recalc-dims=\"1\" \/><\/a><p id=\"caption-attachment-71306\" class=\"wp-caption-text\">Ver\u00e3o 2014 :: Moda Cores resgata os anos 70<\/p><\/div>\n<div id=\"attachment_71307\" style=\"width: 410px\" class=\"wp-caption aligncenter\"><a href=\"https:\/\/i0.wp.com\/www.agrund.com\/wp-content\/uploads\/2013\/05\/verao-2014-moda-cores-resgata-os-anos-70-4.jpg\"><img aria-describedby=\"caption-attachment-71307\" decoding=\"async\" loading=\"lazy\" class=\"size-full wp-image-71307\" alt=\"Ver\u00e3o 2014 :: Moda Cores resgata os anos 70\" src=\"https:\/\/i0.wp.com\/www.agrund.com\/wp-content\/uploads\/2013\/05\/verao-2014-moda-cores-resgata-os-anos-70-4.jpg?resize=400%2C259\" width=\"400\" height=\"259\" data-recalc-dims=\"1\" \/><\/a><p id=\"caption-attachment-71307\" class=\"wp-caption-text\">Ver\u00e3o 2014 :: Moda Cores resgata os anos 70<\/p><\/div>\n<div id=\"attachment_71308\" style=\"width: 410px\" class=\"wp-caption aligncenter\"><a href=\"https:\/\/i0.wp.com\/www.agrund.com\/wp-content\/uploads\/2013\/05\/verao-2014-moda-cores-resgata-os-anos-70-5.jpg\"><img aria-describedby=\"caption-attachment-71308\" decoding=\"async\" loading=\"lazy\" class=\"size-full wp-image-71308\" alt=\"Ver\u00e3o 2014 :: Moda Cores resgata os anos 70\" src=\"https:\/\/i0.wp.com\/www.agrund.com\/wp-content\/uploads\/2013\/05\/verao-2014-moda-cores-resgata-os-anos-70-5.jpg?resize=400%2C443\" width=\"400\" height=\"443\" data-recalc-dims=\"1\" \/><\/a><p id=\"caption-attachment-71308\" class=\"wp-caption-text\">Ver\u00e3o 2014 :: Moda Cores resgata os anos 70<\/p><\/div>\n<p>Imagens: Divulga\u00e7\u00e3o.<\/p>\n","protected":false},"excerpt":{"rendered":"<p>A empresa t\u00eaxtil Moda Cores traz de volta o despojamento e a eleg\u00e2ncia dos anos 70. O Sport de Luxo traz malhas compactas com forte tra\u00e7\u00e3o, neopreme, malhas pastilhadas e mesh \u2013 que tem o aspecto de rede. Os tecidos desse tema oferecem conforto, beleza e sofistica\u00e7\u00e3o. J\u00e1 o tema Bohemian Society traz malhas e [&hellip;]<\/p>\n","protected":false},"author":8,"featured_media":71309,"comment_status":"open","ping_status":"open","sticky":false,"template":"","format":"standard","meta":{"jetpack_post_was_ever_published":false,"_jetpack_newsletter_access":"","jetpack_publicize_message":"","jetpack_is_tweetstorm":false,"jetpack_publicize_feature_enabled":true,"jetpack_social_post_already_shared":true,"jetpack_social_options":{"image_generator_settings":{"template":"highway","enabled":false}}},"categories":[2],"tags":[],"jetpack_publicize_connections":[],"jetpack_featured_media_url":"","jetpack_sharing_enabled":true,"jetpack_shortlink":"https:\/\/wp.me\/p3Hz0n-iy2","jetpack_likes_enabled":true,"_links":{"self":[{"href":"https:\/\/agrund.com\/index.php\/wp-json\/wp\/v2\/posts\/71302"}],"collection":[{"href":"https:\/\/agrund.com\/index.php\/wp-json\/wp\/v2\/posts"}],"about":[{"href":"https:\/\/agrund.com\/index.php\/wp-json\/wp\/v2\/types\/post"}],"author":[{"embeddable":true,"href":"https:\/\/agrund.com\/index.php\/wp-json\/wp\/v2\/users\/8"}],"replies":[{"embeddable":true,"href":"https:\/\/agrund.com\/index.php\/wp-json\/wp\/v2\/comments?post=71302"}],"version-history":[{"count":0,"href":"https:\/\/agrund.com\/index.php\/wp-json\/wp\/v2\/posts\/71302\/revisions"}],"wp:featuredmedia":[{"embeddable":true,"href":"https:\/\/agrund.com\/index.php\/wp-json\/"}],"wp:attachment":[{"href":"https:\/\/agrund.com\/index.php\/wp-json\/wp\/v2\/media?parent=71302"}],"wp:term":[{"taxonomy":"category","embeddable":true,"href":"https:\/\/agrund.com\/index.php\/wp-json\/wp\/v2\/categories?post=71302"},{"taxonomy":"post_tag","embeddable":true,"href":"https:\/\/agrund.com\/index.php\/wp-json\/wp\/v2\/tags?post=71302"}],"curies":[{"name":"wp","href":"https:\/\/api.w.org\/{rel}","templated":true}]}}