{"id":7128,"date":"2011-03-28T15:15:13","date_gmt":"2011-03-28T18:15:13","guid":{"rendered":"http:\/\/www.agrund.com\/blogs\/notas\/?p=7128"},"modified":"2011-03-28T15:15:13","modified_gmt":"2011-03-28T18:15:13","slug":"costanza-por-todos-os-lados","status":"publish","type":"post","link":"https:\/\/agrund.com\/index.php\/costanza-por-todos-os-lados\/","title":{"rendered":"Costanza por todos os lados"},"content":{"rendered":"<p>Costanza \u00e9 orgulho nacional, e isso todo mundo j\u00e1 sabe. Mas nas \u00faltimas semanas de moda, com o aumento de jornalistas estrangeiros vindo para c\u00e1 e os nossos pr\u00f3prios jornalistas come\u00e7ando a ser reconhecidos por l\u00e1, a bela imagem de Costanza Pascolato est\u00e1 chamando a aten\u00e7\u00e3o.<\/p>\n<p><a href=\"http:\/\/www.garancedore.fr\/\">Garance Dor\u00e9<\/a> fez um lindo post a homenageando, falando um pouco do seu estilo \u201cage- appropriate\u201d e as pe\u00e7as incr\u00edveis que ela est\u00e1 sempre usando.<\/p>\n<p style=\"text-align: center\"><img decoding=\"async\" loading=\"lazy\" class=\"aligncenter size-full wp-image-7130\" src=\"\/wp-content\/uploads\/2011\/03\/costanza-pascolato.jpg\" alt=\"\" width=\"432\" height=\"254\" \/><\/p>\n<p style=\"text-align: center\"><img decoding=\"async\" loading=\"lazy\" class=\"aligncenter size-full wp-image-7132\" src=\"https:\/\/i0.wp.com\/www.agrund.com\/arquivo\/notas\/files\/2011\/03\/costanzap.jpg?resize=448%2C641\" alt=\"\" width=\"448\" height=\"641\" data-recalc-dims=\"1\" \/><\/p>\n<p style=\"text-align: center\"><img decoding=\"async\" loading=\"lazy\" class=\"aligncenter size-full wp-image-7131\" src=\"\/wp-content\/uploads\/2011\/03\/costanza-perscolato-2.jpg\" alt=\"\" width=\"448\" height=\"634\" \/><\/p>\n<p>Concordamos com cada palavra Garance! Costanza \u00e9 luxo.<\/p>\n","protected":false},"excerpt":{"rendered":"<p>Costanza \u00e9 orgulho nacional, e isso todo mundo j\u00e1 sabe. Mas nas \u00faltimas semanas de moda, com o aumento de jornalistas estrangeiros vindo para c\u00e1 e os nossos pr\u00f3prios jornalistas come\u00e7ando a ser reconhecidos por l\u00e1, a bela imagem de Costanza Pascolato est\u00e1 chamando a aten\u00e7\u00e3o. Garance Dor\u00e9 fez um lindo post a homenageando, falando [&hellip;]<\/p>\n","protected":false},"author":8,"featured_media":7130,"comment_status":"open","ping_status":"open","sticky":false,"template":"","format":"standard","meta":{"jetpack_post_was_ever_published":false,"_jetpack_newsletter_access":"","jetpack_publicize_message":"","jetpack_is_tweetstorm":false,"jetpack_publicize_feature_enabled":true,"jetpack_social_post_already_shared":false,"jetpack_social_options":{"image_generator_settings":{"template":"highway","enabled":false}}},"categories":[2],"tags":[],"jetpack_publicize_connections":[],"jetpack_featured_media_url":"","jetpack_sharing_enabled":true,"jetpack_shortlink":"https:\/\/wp.me\/p3Hz0n-1QY","jetpack_likes_enabled":true,"_links":{"self":[{"href":"https:\/\/agrund.com\/index.php\/wp-json\/wp\/v2\/posts\/7128"}],"collection":[{"href":"https:\/\/agrund.com\/index.php\/wp-json\/wp\/v2\/posts"}],"about":[{"href":"https:\/\/agrund.com\/index.php\/wp-json\/wp\/v2\/types\/post"}],"author":[{"embeddable":true,"href":"https:\/\/agrund.com\/index.php\/wp-json\/wp\/v2\/users\/8"}],"replies":[{"embeddable":true,"href":"https:\/\/agrund.com\/index.php\/wp-json\/wp\/v2\/comments?post=7128"}],"version-history":[{"count":0,"href":"https:\/\/agrund.com\/index.php\/wp-json\/wp\/v2\/posts\/7128\/revisions"}],"wp:featuredmedia":[{"embeddable":true,"href":"https:\/\/agrund.com\/index.php\/wp-json\/"}],"wp:attachment":[{"href":"https:\/\/agrund.com\/index.php\/wp-json\/wp\/v2\/media?parent=7128"}],"wp:term":[{"taxonomy":"category","embeddable":true,"href":"https:\/\/agrund.com\/index.php\/wp-json\/wp\/v2\/categories?post=7128"},{"taxonomy":"post_tag","embeddable":true,"href":"https:\/\/agrund.com\/index.php\/wp-json\/wp\/v2\/tags?post=7128"}],"curies":[{"name":"wp","href":"https:\/\/api.w.org\/{rel}","templated":true}]}}