{"id":70995,"date":"2013-05-06T21:00:01","date_gmt":"2013-05-07T00:00:01","guid":{"rendered":"http:\/\/www.agrund.com\/?p=70995"},"modified":"2013-05-06T21:00:01","modified_gmt":"2013-05-07T00:00:01","slug":"uniti-rio-e-seu-jeito-carioca-de-ser","status":"publish","type":"post","link":"https:\/\/agrund.com\/index.php\/uniti-rio-e-seu-jeito-carioca-de-ser\/","title":{"rendered":"Un\u00edti Rio e seu jeito carioca de ser"},"content":{"rendered":"<p>O Outono\/ Inverno 2013 da Un\u00edti Rio, dos g\u00eameos Thiago e Rodrigo Oliveira e Igor Feio, traz pe\u00e7as descontra\u00eddas que unem o DNA da marca e as caracter\u00edsticas comuns dos cariocas.<br \/>\nNas estampas, o famoso esquilo, s\u00edmbolo da grife, em cenas diferentes revelando o bom humor da marca. Tamb\u00e9m tem pe\u00e7as com frases como \u201cUm pastel e um caldo, por favor\u201d. J\u00e1 as bermudas ganham destaque em xadrez e listras combinadas com cores que fazem men\u00e7\u00e3o ao estilo praiano do carioca.<br \/>\nA partir desse m\u00eas de maio, as pe\u00e7as da Un\u00edti Rio tamb\u00e9m poder\u00e3o ser compradas pela internet. Basta acessar a loja online atrav\u00e9s do site www.unitirio.com.br.<\/p>\n<div id=\"attachment_70996\" style=\"width: 510px\" class=\"wp-caption aligncenter\"><a href=\"https:\/\/i0.wp.com\/www.agrund.com\/wp-content\/uploads\/2013\/05\/uniti-rio-e-seu-jeito-carioca-de-ser-1.jpg\"><img aria-describedby=\"caption-attachment-70996\" decoding=\"async\" loading=\"lazy\" class=\"size-full wp-image-70996\" alt=\"Un\u00edti Rio e seu jeito carioca de ser\" src=\"https:\/\/i0.wp.com\/www.agrund.com\/wp-content\/uploads\/2013\/05\/uniti-rio-e-seu-jeito-carioca-de-ser-1.jpg?resize=500%2C750\" width=\"500\" height=\"750\" data-recalc-dims=\"1\" \/><\/a><p id=\"caption-attachment-70996\" class=\"wp-caption-text\">Un\u00edti Rio e seu jeito carioca de ser<\/p><\/div>\n<div id=\"attachment_70997\" style=\"width: 510px\" class=\"wp-caption aligncenter\"><a href=\"https:\/\/i0.wp.com\/www.agrund.com\/wp-content\/uploads\/2013\/05\/uniti-rio-e-seu-jeito-carioca-de-ser-2.jpg\"><img aria-describedby=\"caption-attachment-70997\" decoding=\"async\" loading=\"lazy\" class=\"size-full wp-image-70997\" alt=\"Un\u00edti Rio e seu jeito carioca de ser\" src=\"https:\/\/i0.wp.com\/www.agrund.com\/wp-content\/uploads\/2013\/05\/uniti-rio-e-seu-jeito-carioca-de-ser-2.jpg?resize=500%2C750\" width=\"500\" height=\"750\" data-recalc-dims=\"1\" \/><\/a><p id=\"caption-attachment-70997\" class=\"wp-caption-text\">Un\u00edti Rio e seu jeito carioca de ser<\/p><\/div>\n<div id=\"attachment_70998\" style=\"width: 510px\" class=\"wp-caption aligncenter\"><a href=\"https:\/\/i0.wp.com\/www.agrund.com\/wp-content\/uploads\/2013\/05\/uniti-rio-e-seu-jeito-carioca-de-ser-3.jpg\"><img aria-describedby=\"caption-attachment-70998\" decoding=\"async\" loading=\"lazy\" class=\"size-full wp-image-70998\" alt=\"Un\u00edti Rio e seu jeito carioca de ser\" src=\"https:\/\/i0.wp.com\/www.agrund.com\/wp-content\/uploads\/2013\/05\/uniti-rio-e-seu-jeito-carioca-de-ser-3.jpg?resize=500%2C334\" width=\"500\" height=\"334\" data-recalc-dims=\"1\" \/><\/a><p id=\"caption-attachment-70998\" class=\"wp-caption-text\">Un\u00edti Rio e seu jeito carioca de ser<\/p><\/div>\n<div id=\"attachment_70999\" style=\"width: 510px\" class=\"wp-caption aligncenter\"><a href=\"https:\/\/i0.wp.com\/www.agrund.com\/wp-content\/uploads\/2013\/05\/uniti-rio-e-seu-jeito-carioca-de-ser-4.jpg\"><img aria-describedby=\"caption-attachment-70999\" decoding=\"async\" loading=\"lazy\" class=\"size-full wp-image-70999\" alt=\"Un\u00edti Rio e seu jeito carioca de ser\" src=\"https:\/\/i0.wp.com\/www.agrund.com\/wp-content\/uploads\/2013\/05\/uniti-rio-e-seu-jeito-carioca-de-ser-4.jpg?resize=500%2C750\" width=\"500\" height=\"750\" data-recalc-dims=\"1\" \/><\/a><p id=\"caption-attachment-70999\" class=\"wp-caption-text\">Un\u00edti Rio e seu jeito carioca de ser<\/p><\/div>\n<div id=\"attachment_71000\" style=\"width: 510px\" class=\"wp-caption aligncenter\"><a href=\"https:\/\/i0.wp.com\/www.agrund.com\/wp-content\/uploads\/2013\/05\/uniti-rio-e-seu-jeito-carioca-de-ser-5.jpg\"><img aria-describedby=\"caption-attachment-71000\" decoding=\"async\" loading=\"lazy\" class=\"size-full wp-image-71000\" alt=\"Un\u00edti Rio e seu jeito carioca de ser\" src=\"https:\/\/i0.wp.com\/www.agrund.com\/wp-content\/uploads\/2013\/05\/uniti-rio-e-seu-jeito-carioca-de-ser-5.jpg?resize=500%2C750\" width=\"500\" height=\"750\" data-recalc-dims=\"1\" \/><\/a><p id=\"caption-attachment-71000\" class=\"wp-caption-text\">Un\u00edti Rio e seu jeito carioca de ser<\/p><\/div>\n<div id=\"attachment_71001\" style=\"width: 510px\" class=\"wp-caption aligncenter\"><a href=\"https:\/\/i0.wp.com\/www.agrund.com\/wp-content\/uploads\/2013\/05\/uniti-rio-e-seu-jeito-carioca-de-ser-6.jpg\"><img aria-describedby=\"caption-attachment-71001\" decoding=\"async\" loading=\"lazy\" class=\"size-full wp-image-71001\" alt=\"Un\u00edti Rio e seu jeito carioca de ser\" src=\"https:\/\/i0.wp.com\/www.agrund.com\/wp-content\/uploads\/2013\/05\/uniti-rio-e-seu-jeito-carioca-de-ser-6.jpg?resize=500%2C334\" width=\"500\" height=\"334\" data-recalc-dims=\"1\" \/><\/a><p id=\"caption-attachment-71001\" class=\"wp-caption-text\">Un\u00edti Rio e seu jeito carioca de ser<\/p><\/div>\n<div id=\"attachment_71002\" style=\"width: 510px\" class=\"wp-caption aligncenter\"><a href=\"https:\/\/i0.wp.com\/www.agrund.com\/wp-content\/uploads\/2013\/05\/uniti-rio-e-seu-jeito-carioca-de-ser-7.jpg\"><img aria-describedby=\"caption-attachment-71002\" decoding=\"async\" loading=\"lazy\" class=\"size-full wp-image-71002\" alt=\"Un\u00edti Rio e seu jeito carioca de ser\" src=\"https:\/\/i0.wp.com\/www.agrund.com\/wp-content\/uploads\/2013\/05\/uniti-rio-e-seu-jeito-carioca-de-ser-7.jpg?resize=500%2C750\" width=\"500\" height=\"750\" data-recalc-dims=\"1\" \/><\/a><p id=\"caption-attachment-71002\" class=\"wp-caption-text\">Un\u00edti Rio e seu jeito carioca de ser<\/p><\/div>\n<p>Imagens: Divulga\u00e7\u00e3o.<\/p>\n","protected":false},"excerpt":{"rendered":"<p>O Outono\/ Inverno 2013 da Un\u00edti Rio, dos g\u00eameos Thiago e Rodrigo Oliveira e Igor Feio, traz pe\u00e7as descontra\u00eddas que unem o DNA da marca e as caracter\u00edsticas comuns dos cariocas. Nas estampas, o famoso esquilo, s\u00edmbolo da grife, em cenas diferentes revelando o bom humor da marca. Tamb\u00e9m tem pe\u00e7as com frases como \u201cUm [&hellip;]<\/p>\n","protected":false},"author":8,"featured_media":71003,"comment_status":"open","ping_status":"open","sticky":false,"template":"","format":"standard","meta":{"jetpack_post_was_ever_published":false,"_jetpack_newsletter_access":"","jetpack_publicize_message":"","jetpack_is_tweetstorm":false,"jetpack_publicize_feature_enabled":true,"jetpack_social_post_already_shared":true,"jetpack_social_options":{"image_generator_settings":{"template":"highway","enabled":false}}},"categories":[6],"tags":[],"jetpack_publicize_connections":[],"jetpack_featured_media_url":"","jetpack_sharing_enabled":true,"jetpack_shortlink":"https:\/\/wp.me\/p3Hz0n-it5","jetpack_likes_enabled":true,"_links":{"self":[{"href":"https:\/\/agrund.com\/index.php\/wp-json\/wp\/v2\/posts\/70995"}],"collection":[{"href":"https:\/\/agrund.com\/index.php\/wp-json\/wp\/v2\/posts"}],"about":[{"href":"https:\/\/agrund.com\/index.php\/wp-json\/wp\/v2\/types\/post"}],"author":[{"embeddable":true,"href":"https:\/\/agrund.com\/index.php\/wp-json\/wp\/v2\/users\/8"}],"replies":[{"embeddable":true,"href":"https:\/\/agrund.com\/index.php\/wp-json\/wp\/v2\/comments?post=70995"}],"version-history":[{"count":0,"href":"https:\/\/agrund.com\/index.php\/wp-json\/wp\/v2\/posts\/70995\/revisions"}],"wp:featuredmedia":[{"embeddable":true,"href":"https:\/\/agrund.com\/index.php\/wp-json\/"}],"wp:attachment":[{"href":"https:\/\/agrund.com\/index.php\/wp-json\/wp\/v2\/media?parent=70995"}],"wp:term":[{"taxonomy":"category","embeddable":true,"href":"https:\/\/agrund.com\/index.php\/wp-json\/wp\/v2\/categories?post=70995"},{"taxonomy":"post_tag","embeddable":true,"href":"https:\/\/agrund.com\/index.php\/wp-json\/wp\/v2\/tags?post=70995"}],"curies":[{"name":"wp","href":"https:\/\/api.w.org\/{rel}","templated":true}]}}