{"id":70986,"date":"2013-05-06T14:29:41","date_gmt":"2013-05-06T17:29:41","guid":{"rendered":"http:\/\/www.agrund.com\/?p=70986"},"modified":"2013-05-06T14:29:41","modified_gmt":"2013-05-06T17:29:41","slug":"divulgada-a-nova-campanha-democrata-com-caua-reymond","status":"publish","type":"post","link":"https:\/\/agrund.com\/index.php\/divulgada-a-nova-campanha-democrata-com-caua-reymond\/","title":{"rendered":"Divulgada a nova Campanha Democrata com Cau\u00e3 Reymond"},"content":{"rendered":"<p>Como j\u00e1 mostramos o making of <a href=\"http:\/\/www.agrund.com\/making-of-caua-reymond-estrela-campanha\/\" target=\"_blank\">AQUI<\/a>, o gal\u00e3 Cau\u00e3 Reymond \u00e9 a estrela dos an\u00fancios da nova cole\u00e7\u00e3o da marca de cal\u00e7ados masculinos Democrata. Agora, a marca finalmente divulgou sua nova campanha composta por quatro linhas: Garage, Metropolitan, Denim e Smart.<\/p>\n<p>A Democrata aposta em materiais aveludados e acamur\u00e7ados que inspiram um toque aconchegante, macio e delicado aos cal\u00e7ados. O couro aparece em diferentes acabamentos, indo do tradicional liso at\u00e9 as composi\u00e7\u00f5es com texturas. A cartela de cores conta com tons mais fortes como verde, vermelho, azul e amarelo, que participam do inverno de maneira mais escura e envelhecida.<\/p>\n<div id=\"attachment_70989\" style=\"width: 560px\" class=\"wp-caption aligncenter\"><a href=\"https:\/\/i0.wp.com\/www.agrund.com\/wp-content\/uploads\/2013\/05\/189724_314093_campanha___caua___garage.jpg\"><img aria-describedby=\"caption-attachment-70989\" decoding=\"async\" loading=\"lazy\" class=\"size-full wp-image-70989\" alt=\"Moda Masculina :: Divulgada a nova Campanha Democrata com Cau\u00e3 Reymond\" src=\"https:\/\/i0.wp.com\/www.agrund.com\/wp-content\/uploads\/2013\/05\/189724_314093_campanha___caua___garage.jpg?resize=550%2C412\" width=\"550\" height=\"412\" data-recalc-dims=\"1\" \/><\/a><p id=\"caption-attachment-70989\" class=\"wp-caption-text\">Moda Masculina :: Divulgada a nova Campanha Democrata com Cau\u00e3 Reymond<\/p><\/div>\n<div id=\"attachment_70991\" style=\"width: 510px\" class=\"wp-caption aligncenter\"><a href=\"https:\/\/i0.wp.com\/www.agrund.com\/wp-content\/uploads\/2013\/05\/189724_314091_caua___denim.jpg\"><img aria-describedby=\"caption-attachment-70991\" decoding=\"async\" loading=\"lazy\" class=\"size-full wp-image-70991\" alt=\"Moda Masculina :: Divulgada a nova Campanha Democrata com Cau\u00e3 Reymond\" src=\"https:\/\/i0.wp.com\/www.agrund.com\/wp-content\/uploads\/2013\/05\/189724_314091_caua___denim.jpg?resize=500%2C626\" width=\"500\" height=\"626\" data-recalc-dims=\"1\" \/><\/a><p id=\"caption-attachment-70991\" class=\"wp-caption-text\">Moda Masculina :: Divulgada a nova Campanha Democrata com Cau\u00e3 Reymond<\/p><\/div>\n<div id=\"attachment_70990\" style=\"width: 560px\" class=\"wp-caption aligncenter\"><a href=\"https:\/\/i0.wp.com\/www.agrund.com\/wp-content\/uploads\/2013\/05\/189724_314095_caua___metropolitan.jpg\"><img aria-describedby=\"caption-attachment-70990\" decoding=\"async\" loading=\"lazy\" class=\"size-full wp-image-70990\" alt=\"Moda Masculina :: Divulgada a nova Campanha Democrata com Cau\u00e3 Reymond\" src=\"https:\/\/i0.wp.com\/www.agrund.com\/wp-content\/uploads\/2013\/05\/189724_314095_caua___metropolitan.jpg?resize=550%2C412\" width=\"550\" height=\"412\" data-recalc-dims=\"1\" \/><\/a><p id=\"caption-attachment-70990\" class=\"wp-caption-text\">Moda Masculina :: Divulgada a nova Campanha Democrata com Cau\u00e3 Reymond<\/p><\/div>\n<p>Imagens: Divulga\u00e7\u00e3o.<\/p>\n<p>&nbsp;<\/p>\n<p>&nbsp;<\/p>\n","protected":false},"excerpt":{"rendered":"<p>Como j\u00e1 mostramos o making of AQUI, o gal\u00e3 Cau\u00e3 Reymond \u00e9 a estrela dos an\u00fancios da nova cole\u00e7\u00e3o da marca de cal\u00e7ados masculinos Democrata. Agora, a marca finalmente divulgou sua nova campanha composta por quatro linhas: Garage, Metropolitan, Denim e Smart. A Democrata aposta em materiais aveludados e acamur\u00e7ados que inspiram um toque aconchegante, [&hellip;]<\/p>\n","protected":false},"author":8,"featured_media":70987,"comment_status":"open","ping_status":"open","sticky":false,"template":"","format":"standard","meta":{"jetpack_post_was_ever_published":false,"_jetpack_newsletter_access":"","jetpack_publicize_message":"","jetpack_is_tweetstorm":false,"jetpack_publicize_feature_enabled":true,"jetpack_social_post_already_shared":true,"jetpack_social_options":{"image_generator_settings":{"template":"highway","enabled":false}}},"categories":[6],"tags":[],"jetpack_publicize_connections":[],"jetpack_featured_media_url":"","jetpack_sharing_enabled":true,"jetpack_shortlink":"https:\/\/wp.me\/p3Hz0n-isW","jetpack_likes_enabled":true,"_links":{"self":[{"href":"https:\/\/agrund.com\/index.php\/wp-json\/wp\/v2\/posts\/70986"}],"collection":[{"href":"https:\/\/agrund.com\/index.php\/wp-json\/wp\/v2\/posts"}],"about":[{"href":"https:\/\/agrund.com\/index.php\/wp-json\/wp\/v2\/types\/post"}],"author":[{"embeddable":true,"href":"https:\/\/agrund.com\/index.php\/wp-json\/wp\/v2\/users\/8"}],"replies":[{"embeddable":true,"href":"https:\/\/agrund.com\/index.php\/wp-json\/wp\/v2\/comments?post=70986"}],"version-history":[{"count":0,"href":"https:\/\/agrund.com\/index.php\/wp-json\/wp\/v2\/posts\/70986\/revisions"}],"wp:featuredmedia":[{"embeddable":true,"href":"https:\/\/agrund.com\/index.php\/wp-json\/"}],"wp:attachment":[{"href":"https:\/\/agrund.com\/index.php\/wp-json\/wp\/v2\/media?parent=70986"}],"wp:term":[{"taxonomy":"category","embeddable":true,"href":"https:\/\/agrund.com\/index.php\/wp-json\/wp\/v2\/categories?post=70986"},{"taxonomy":"post_tag","embeddable":true,"href":"https:\/\/agrund.com\/index.php\/wp-json\/wp\/v2\/tags?post=70986"}],"curies":[{"name":"wp","href":"https:\/\/api.w.org\/{rel}","templated":true}]}}