{"id":70931,"date":"2013-05-06T13:00:28","date_gmt":"2013-05-06T16:00:28","guid":{"rendered":"http:\/\/www.agrund.com\/?p=70931"},"modified":"2013-05-06T13:00:28","modified_gmt":"2013-05-06T16:00:28","slug":"mcd-lanca-bone-em-parceria-com-a-flexfit","status":"publish","type":"post","link":"https:\/\/agrund.com\/index.php\/mcd-lanca-bone-em-parceria-com-a-flexfit\/","title":{"rendered":"MCD lan\u00e7a bon\u00e9 em parceria com a Flexfit"},"content":{"rendered":"<p>A MCD e a Flexfit firmaram parceria para lan\u00e7ar o bon\u00e9 1.10, que possui uma t\u00e9cnica exclusiva para servir em 10 tamanhos diferentes de cabe\u00e7a. A t\u00e9cnica da Flexfit \u00e9 exclusiva da MCD no Brasil at\u00e9 junho e chega ao pa\u00eds pelas m\u00e3os da marca.<\/p>\n<p>O produto \u00e9 feito com el\u00e1stico tecnol\u00f3gico, possibilitando que o bon\u00e9 seja tamanho \u00fanico, se ajustando ao seu usu\u00e1rio. A linha possui 8 modelos diferentes e chega \u00e0s lojas neste m\u00eas de maio com pre\u00e7o m\u00e9dio de R$149,00.<\/p>\n<div id=\"attachment_70932\" style=\"width: 460px\" class=\"wp-caption aligncenter\"><a href=\"https:\/\/i0.wp.com\/www.agrund.com\/wp-content\/uploads\/2013\/05\/mcd-lanca-bone-em-parceria-com-a-flexfit-1.jpg\"><img aria-describedby=\"caption-attachment-70932\" decoding=\"async\" loading=\"lazy\" class=\"size-full wp-image-70932\" alt=\"MCD lan\u00e7a bon\u00e9 em parceria com a Flexfit\" src=\"https:\/\/i0.wp.com\/www.agrund.com\/wp-content\/uploads\/2013\/05\/mcd-lanca-bone-em-parceria-com-a-flexfit-1.jpg?resize=450%2C298\" width=\"450\" height=\"298\" data-recalc-dims=\"1\" \/><\/a><p id=\"caption-attachment-70932\" class=\"wp-caption-text\">MCD lan\u00e7a bon\u00e9 em parceria com a Flexfit<\/p><\/div>\n<div id=\"attachment_70933\" style=\"width: 460px\" class=\"wp-caption aligncenter\"><a href=\"https:\/\/i0.wp.com\/www.agrund.com\/wp-content\/uploads\/2013\/05\/mcd-lanca-bone-em-parceria-com-a-flexfit-2.jpg\"><img aria-describedby=\"caption-attachment-70933\" decoding=\"async\" loading=\"lazy\" class=\"size-full wp-image-70933\" alt=\"MCD lan\u00e7a bon\u00e9 em parceria com a Flexfit\" src=\"https:\/\/i0.wp.com\/www.agrund.com\/wp-content\/uploads\/2013\/05\/mcd-lanca-bone-em-parceria-com-a-flexfit-2.jpg?resize=450%2C298\" width=\"450\" height=\"298\" data-recalc-dims=\"1\" \/><\/a><p id=\"caption-attachment-70933\" class=\"wp-caption-text\">MCD lan\u00e7a bon\u00e9 em parceria com a Flexfit<\/p><\/div>\n<div id=\"attachment_70934\" style=\"width: 460px\" class=\"wp-caption aligncenter\"><a href=\"https:\/\/i0.wp.com\/www.agrund.com\/wp-content\/uploads\/2013\/05\/mcd-lanca-bone-em-parceria-com-a-flexfit-3.jpg\"><img aria-describedby=\"caption-attachment-70934\" decoding=\"async\" loading=\"lazy\" class=\"size-full wp-image-70934\" alt=\"MCD lan\u00e7a bon\u00e9 em parceria com a Flexfit\" src=\"https:\/\/i0.wp.com\/www.agrund.com\/wp-content\/uploads\/2013\/05\/mcd-lanca-bone-em-parceria-com-a-flexfit-3.jpg?resize=450%2C298\" width=\"450\" height=\"298\" data-recalc-dims=\"1\" \/><\/a><p id=\"caption-attachment-70934\" class=\"wp-caption-text\">MCD lan\u00e7a bon\u00e9 em parceria com a Flexfit<\/p><\/div>\n<div id=\"attachment_70935\" style=\"width: 460px\" class=\"wp-caption aligncenter\"><a href=\"https:\/\/i0.wp.com\/www.agrund.com\/wp-content\/uploads\/2013\/05\/mcd-lanca-bone-em-parceria-com-a-flexfit-4.jpg\"><img aria-describedby=\"caption-attachment-70935\" decoding=\"async\" loading=\"lazy\" class=\"size-full wp-image-70935\" alt=\"MCD lan\u00e7a bon\u00e9 em parceria com a Flexfit\" src=\"https:\/\/i0.wp.com\/www.agrund.com\/wp-content\/uploads\/2013\/05\/mcd-lanca-bone-em-parceria-com-a-flexfit-4.jpg?resize=450%2C298\" width=\"450\" height=\"298\" data-recalc-dims=\"1\" \/><\/a><p id=\"caption-attachment-70935\" class=\"wp-caption-text\">MCD lan\u00e7a bon\u00e9 em parceria com a Flexfit<\/p><\/div>\n<p>&nbsp;<\/p>\n<p>Imagens: Divulga\u00e7\u00e3o.<\/p>\n","protected":false},"excerpt":{"rendered":"<p>A MCD e a Flexfit firmaram parceria para lan\u00e7ar o bon\u00e9 1.10, que possui uma t\u00e9cnica exclusiva para servir em 10 tamanhos diferentes de cabe\u00e7a. A t\u00e9cnica da Flexfit \u00e9 exclusiva da MCD no Brasil at\u00e9 junho e chega ao pa\u00eds pelas m\u00e3os da marca. O produto \u00e9 feito com el\u00e1stico tecnol\u00f3gico, possibilitando que o [&hellip;]<\/p>\n","protected":false},"author":8,"featured_media":70936,"comment_status":"open","ping_status":"open","sticky":false,"template":"","format":"standard","meta":{"jetpack_post_was_ever_published":false,"_jetpack_newsletter_access":"","jetpack_publicize_message":"","jetpack_is_tweetstorm":false,"jetpack_publicize_feature_enabled":true,"jetpack_social_post_already_shared":true,"jetpack_social_options":{"image_generator_settings":{"template":"highway","enabled":false}}},"categories":[6],"tags":[],"jetpack_publicize_connections":[],"jetpack_featured_media_url":"","jetpack_sharing_enabled":true,"jetpack_shortlink":"https:\/\/wp.me\/p3Hz0n-is3","jetpack_likes_enabled":true,"_links":{"self":[{"href":"https:\/\/agrund.com\/index.php\/wp-json\/wp\/v2\/posts\/70931"}],"collection":[{"href":"https:\/\/agrund.com\/index.php\/wp-json\/wp\/v2\/posts"}],"about":[{"href":"https:\/\/agrund.com\/index.php\/wp-json\/wp\/v2\/types\/post"}],"author":[{"embeddable":true,"href":"https:\/\/agrund.com\/index.php\/wp-json\/wp\/v2\/users\/8"}],"replies":[{"embeddable":true,"href":"https:\/\/agrund.com\/index.php\/wp-json\/wp\/v2\/comments?post=70931"}],"version-history":[{"count":0,"href":"https:\/\/agrund.com\/index.php\/wp-json\/wp\/v2\/posts\/70931\/revisions"}],"wp:featuredmedia":[{"embeddable":true,"href":"https:\/\/agrund.com\/index.php\/wp-json\/"}],"wp:attachment":[{"href":"https:\/\/agrund.com\/index.php\/wp-json\/wp\/v2\/media?parent=70931"}],"wp:term":[{"taxonomy":"category","embeddable":true,"href":"https:\/\/agrund.com\/index.php\/wp-json\/wp\/v2\/categories?post=70931"},{"taxonomy":"post_tag","embeddable":true,"href":"https:\/\/agrund.com\/index.php\/wp-json\/wp\/v2\/tags?post=70931"}],"curies":[{"name":"wp","href":"https:\/\/api.w.org\/{rel}","templated":true}]}}