{"id":70861,"date":"2013-05-03T19:00:45","date_gmt":"2013-05-03T22:00:45","guid":{"rendered":"http:\/\/www.agrund.com\/?p=70861"},"modified":"2013-05-03T19:00:45","modified_gmt":"2013-05-03T22:00:45","slug":"beachwear-blue-man-lanca-vendas-pelo-facebook","status":"publish","type":"post","link":"https:\/\/agrund.com\/index.php\/beachwear-blue-man-lanca-vendas-pelo-facebook\/","title":{"rendered":"Beachwear :: Blue Man lan\u00e7a vendas pelo Facebook"},"content":{"rendered":"<p>Nesta quinta-feira (2), a Blue Man lan\u00e7ou uma novidade para seus consumidores. A marca de beachwear vai vender sua cole\u00e7\u00e3o de inverno atrav\u00e9s da plataforma de vendas do Facebook chamada Meu Shopping.<br \/>\nCom a novidade, as vendas devem alavancar em torno de 15 a 20% no primeiro ano de funcionamento. Mas n\u00e3o para por a\u00ed! A marca pretende lan\u00e7ar ainda neste ano sua plataforma oficial de vendas on-line. Os que fizerem compras atrav\u00e9s do Facebook da Man poder\u00e3o ganhar at\u00e9 30 % de desconto nas promo\u00e7\u00f5es que entrar\u00e3o no ar em hor\u00e1rios diversos no primeiro m\u00eas do novo canal. Imperd\u00edvel!<\/p>\n<div id=\"attachment_70862\" style=\"width: 460px\" class=\"wp-caption aligncenter\"><a href=\"https:\/\/i0.wp.com\/www.agrund.com\/wp-content\/uploads\/2013\/05\/beachwear-blue-man-lanca-vendas-pelo-facebook-1.jpg\"><img aria-describedby=\"caption-attachment-70862\" decoding=\"async\" loading=\"lazy\" class=\"size-full wp-image-70862\" alt=\"Beachwear :: Blue Man lan\u00e7a vendas pelo Facebook\" src=\"https:\/\/i0.wp.com\/www.agrund.com\/wp-content\/uploads\/2013\/05\/beachwear-blue-man-lanca-vendas-pelo-facebook-1.jpg?resize=450%2C300\" width=\"450\" height=\"300\" data-recalc-dims=\"1\" \/><\/a><p id=\"caption-attachment-70862\" class=\"wp-caption-text\">Beachwear :: Blue Man lan\u00e7a vendas pelo Facebook<\/p><\/div>\n<div id=\"attachment_70863\" style=\"width: 460px\" class=\"wp-caption aligncenter\"><a href=\"https:\/\/i0.wp.com\/www.agrund.com\/wp-content\/uploads\/2013\/05\/beachwear-blue-man-lanca-vendas-pelo-facebook-2.jpg\"><img aria-describedby=\"caption-attachment-70863\" decoding=\"async\" loading=\"lazy\" class=\"size-full wp-image-70863\" alt=\"Beachwear :: Blue Man lan\u00e7a vendas pelo Facebook\" src=\"https:\/\/i0.wp.com\/www.agrund.com\/wp-content\/uploads\/2013\/05\/beachwear-blue-man-lanca-vendas-pelo-facebook-2.jpg?resize=450%2C675\" width=\"450\" height=\"675\" data-recalc-dims=\"1\" \/><\/a><p id=\"caption-attachment-70863\" class=\"wp-caption-text\">Beachwear :: Blue Man lan\u00e7a vendas pelo Facebook<\/p><\/div>\n<div id=\"attachment_70864\" style=\"width: 460px\" class=\"wp-caption aligncenter\"><a href=\"https:\/\/i0.wp.com\/www.agrund.com\/wp-content\/uploads\/2013\/05\/beachwear-blue-man-lanca-vendas-pelo-facebook-3.jpg\"><img aria-describedby=\"caption-attachment-70864\" decoding=\"async\" loading=\"lazy\" class=\"size-full wp-image-70864\" alt=\"Beachwear :: Blue Man lan\u00e7a vendas pelo Facebook\" src=\"https:\/\/i0.wp.com\/www.agrund.com\/wp-content\/uploads\/2013\/05\/beachwear-blue-man-lanca-vendas-pelo-facebook-3.jpg?resize=450%2C675\" width=\"450\" height=\"675\" data-recalc-dims=\"1\" \/><\/a><p id=\"caption-attachment-70864\" class=\"wp-caption-text\">Beachwear :: Blue Man lan\u00e7a vendas pelo Facebook<\/p><\/div>\n<div id=\"attachment_70865\" style=\"width: 460px\" class=\"wp-caption aligncenter\"><a href=\"https:\/\/i0.wp.com\/www.agrund.com\/wp-content\/uploads\/2013\/05\/beachwear-blue-man-lanca-vendas-pelo-facebook-4.jpg\"><img aria-describedby=\"caption-attachment-70865\" decoding=\"async\" loading=\"lazy\" class=\"size-full wp-image-70865\" alt=\"Beachwear :: Blue Man lan\u00e7a vendas pelo Facebook\" src=\"https:\/\/i0.wp.com\/www.agrund.com\/wp-content\/uploads\/2013\/05\/beachwear-blue-man-lanca-vendas-pelo-facebook-4.jpg?resize=450%2C300\" width=\"450\" height=\"300\" data-recalc-dims=\"1\" \/><\/a><p id=\"caption-attachment-70865\" class=\"wp-caption-text\">Beachwear :: Blue Man lan\u00e7a vendas pelo Facebook<\/p><\/div>\n<p>Imagens: Divulga\u00e7\u00e3o.<\/p>\n","protected":false},"excerpt":{"rendered":"<p>Nesta quinta-feira (2), a Blue Man lan\u00e7ou uma novidade para seus consumidores. A marca de beachwear vai vender sua cole\u00e7\u00e3o de inverno atrav\u00e9s da plataforma de vendas do Facebook chamada Meu Shopping. Com a novidade, as vendas devem alavancar em torno de 15 a 20% no primeiro ano de funcionamento. Mas n\u00e3o para por a\u00ed! [&hellip;]<\/p>\n","protected":false},"author":8,"featured_media":70866,"comment_status":"open","ping_status":"open","sticky":false,"template":"","format":"standard","meta":{"jetpack_post_was_ever_published":false,"_jetpack_newsletter_access":"","jetpack_publicize_message":"","jetpack_is_tweetstorm":false,"jetpack_publicize_feature_enabled":true,"jetpack_social_post_already_shared":true,"jetpack_social_options":{"image_generator_settings":{"template":"highway","enabled":false}}},"categories":[2],"tags":[],"jetpack_publicize_connections":[],"jetpack_featured_media_url":"","jetpack_sharing_enabled":true,"jetpack_shortlink":"https:\/\/wp.me\/p3Hz0n-iqV","jetpack_likes_enabled":true,"_links":{"self":[{"href":"https:\/\/agrund.com\/index.php\/wp-json\/wp\/v2\/posts\/70861"}],"collection":[{"href":"https:\/\/agrund.com\/index.php\/wp-json\/wp\/v2\/posts"}],"about":[{"href":"https:\/\/agrund.com\/index.php\/wp-json\/wp\/v2\/types\/post"}],"author":[{"embeddable":true,"href":"https:\/\/agrund.com\/index.php\/wp-json\/wp\/v2\/users\/8"}],"replies":[{"embeddable":true,"href":"https:\/\/agrund.com\/index.php\/wp-json\/wp\/v2\/comments?post=70861"}],"version-history":[{"count":0,"href":"https:\/\/agrund.com\/index.php\/wp-json\/wp\/v2\/posts\/70861\/revisions"}],"wp:featuredmedia":[{"embeddable":true,"href":"https:\/\/agrund.com\/index.php\/wp-json\/"}],"wp:attachment":[{"href":"https:\/\/agrund.com\/index.php\/wp-json\/wp\/v2\/media?parent=70861"}],"wp:term":[{"taxonomy":"category","embeddable":true,"href":"https:\/\/agrund.com\/index.php\/wp-json\/wp\/v2\/categories?post=70861"},{"taxonomy":"post_tag","embeddable":true,"href":"https:\/\/agrund.com\/index.php\/wp-json\/wp\/v2\/tags?post=70861"}],"curies":[{"name":"wp","href":"https:\/\/api.w.org\/{rel}","templated":true}]}}