{"id":70510,"date":"2013-04-30T20:00:34","date_gmt":"2013-04-30T23:00:34","guid":{"rendered":"http:\/\/www.agrund.com\/?p=70510"},"modified":"2013-04-30T20:00:34","modified_gmt":"2013-04-30T23:00:34","slug":"rochas-anuncia-novo-perfume-com-olivia-palermo","status":"publish","type":"post","link":"https:\/\/agrund.com\/index.php\/rochas-anuncia-novo-perfume-com-olivia-palermo\/","title":{"rendered":"Rochas anuncia novo perfume com Olivia Palermo"},"content":{"rendered":"<p>A Rochas anunciou o lan\u00e7amento de seu novo perfume, o Songe d&#8217;Iris, que integra a linha Les Cascades. A inten\u00e7\u00e3o da marca \u00e9 passar ao consumidor o &#8216;frescor do ver\u00e3o&#8217; atrav\u00e9s da fragr\u00e2ncia.<\/p>\n<p>As embalagens ter\u00e3o dois tamanhos: 50 ml, com pre\u00e7o sugerido de US$ 63, e 100 ml, por US$ 95.<\/p>\n<p>Para sua campanha, a Rochas convocou novamente Olivia Palermo, que divulgou a primeira fragr\u00e2ncia da linha em 2012. Confira a primeira imagem divulgada:<\/p>\n<div id=\"attachment_70511\" style=\"width: 510px\" class=\"wp-caption aligncenter\"><a href=\"https:\/\/i0.wp.com\/www.agrund.com\/wp-content\/uploads\/2013\/04\/rochas-anuncia-novo-perfume-com-olivia-palermo.jpg\"><img aria-describedby=\"caption-attachment-70511\" decoding=\"async\" loading=\"lazy\" class=\"size-full wp-image-70511\" alt=\"Rochas anuncia novo perfume com Olivia Palermo\" src=\"https:\/\/i0.wp.com\/www.agrund.com\/wp-content\/uploads\/2013\/04\/rochas-anuncia-novo-perfume-com-olivia-palermo.jpg?resize=500%2C668\" width=\"500\" height=\"668\" data-recalc-dims=\"1\" \/><\/a><p id=\"caption-attachment-70511\" class=\"wp-caption-text\">Rochas anuncia novo perfume com Olivia Palermo<\/p><\/div>\n<p>Imagem: Reprodu\u00e7\u00e3o.<\/p>\n","protected":false},"excerpt":{"rendered":"<p>A Rochas anunciou o lan\u00e7amento de seu novo perfume, o Songe d&#8217;Iris, que integra a linha Les Cascades. A inten\u00e7\u00e3o da marca \u00e9 passar ao consumidor o &#8216;frescor do ver\u00e3o&#8217; atrav\u00e9s da fragr\u00e2ncia. As embalagens ter\u00e3o dois tamanhos: 50 ml, com pre\u00e7o sugerido de US$ 63, e 100 ml, por US$ 95. Para sua campanha, [&hellip;]<\/p>\n","protected":false},"author":8,"featured_media":70512,"comment_status":"open","ping_status":"open","sticky":false,"template":"","format":"standard","meta":{"jetpack_post_was_ever_published":false,"_jetpack_newsletter_access":"","jetpack_publicize_message":"","jetpack_is_tweetstorm":false,"jetpack_publicize_feature_enabled":true,"jetpack_social_post_already_shared":true,"jetpack_social_options":{"image_generator_settings":{"template":"highway","enabled":false}}},"categories":[2],"tags":[],"jetpack_publicize_connections":[],"jetpack_featured_media_url":"","jetpack_sharing_enabled":true,"jetpack_shortlink":"https:\/\/wp.me\/p3Hz0n-ilg","jetpack_likes_enabled":true,"_links":{"self":[{"href":"https:\/\/agrund.com\/index.php\/wp-json\/wp\/v2\/posts\/70510"}],"collection":[{"href":"https:\/\/agrund.com\/index.php\/wp-json\/wp\/v2\/posts"}],"about":[{"href":"https:\/\/agrund.com\/index.php\/wp-json\/wp\/v2\/types\/post"}],"author":[{"embeddable":true,"href":"https:\/\/agrund.com\/index.php\/wp-json\/wp\/v2\/users\/8"}],"replies":[{"embeddable":true,"href":"https:\/\/agrund.com\/index.php\/wp-json\/wp\/v2\/comments?post=70510"}],"version-history":[{"count":0,"href":"https:\/\/agrund.com\/index.php\/wp-json\/wp\/v2\/posts\/70510\/revisions"}],"wp:featuredmedia":[{"embeddable":true,"href":"https:\/\/agrund.com\/index.php\/wp-json\/"}],"wp:attachment":[{"href":"https:\/\/agrund.com\/index.php\/wp-json\/wp\/v2\/media?parent=70510"}],"wp:term":[{"taxonomy":"category","embeddable":true,"href":"https:\/\/agrund.com\/index.php\/wp-json\/wp\/v2\/categories?post=70510"},{"taxonomy":"post_tag","embeddable":true,"href":"https:\/\/agrund.com\/index.php\/wp-json\/wp\/v2\/tags?post=70510"}],"curies":[{"name":"wp","href":"https:\/\/api.w.org\/{rel}","templated":true}]}}