{"id":7046,"date":"2011-03-25T11:19:50","date_gmt":"2011-03-25T14:19:50","guid":{"rendered":"http:\/\/www.agrund.com\/blogs\/notas\/?p=7046"},"modified":"2011-03-25T11:19:50","modified_gmt":"2011-03-25T14:19:50","slug":"herchcovitchalexandre","status":"publish","type":"post","link":"https:\/\/agrund.com\/index.php\/herchcovitchalexandre\/","title":{"rendered":"Herchcovitch;Alexandre"},"content":{"rendered":"<p>O estilista inaugura amanh\u00e3 (26.03) a partir das 16h sua nova loja. O projeto foi desenvolvido pelo escrit\u00f3rio Arkitito em parceria com o pr\u00f3prio, que al\u00e9m da sua pr\u00f3pria marca, ser\u00e3o vendidos produtos licenciados como roupas de cama, t\u00eanis&#8230; E sabemos que a lista \u00e9 grande.<\/p>\n<p>Onde? Rua Dr. Melo Alves, 561 \u2013 Jardim Paulista.<\/p>\n<p style=\"text-align: center\"><img decoding=\"async\" loading=\"lazy\" class=\"aligncenter size-full wp-image-7047\" src=\"\/wp-content\/uploads\/2011\/03\/ARKITITOherchcovitch06fim.jpg\" alt=\"\" width=\"467\" height=\"347\" \/><img decoding=\"async\" loading=\"lazy\" class=\"aligncenter size-full wp-image-7048\" src=\"\/wp-content\/uploads\/2011\/03\/ARKITITOherchcovitch03fim.jpg\" alt=\"\" width=\"467\" height=\"350\" \/><img decoding=\"async\" loading=\"lazy\" class=\"aligncenter size-full wp-image-7049\" src=\"\/wp-content\/uploads\/2011\/03\/ARKITITOherchcovitch01fim.jpg\" alt=\"\" width=\"467\" height=\"350\" \/><img decoding=\"async\" loading=\"lazy\" class=\"aligncenter size-full wp-image-7050\" src=\"\/wp-content\/uploads\/2011\/03\/ARKITITOherchcovitch05fim.jpg\" alt=\"\" width=\"467\" height=\"350\" \/><\/p>\n","protected":false},"excerpt":{"rendered":"<p>O estilista inaugura amanh\u00e3 (26.03) a partir das 16h sua nova loja. O projeto foi desenvolvido pelo escrit\u00f3rio Arkitito em parceria com o pr\u00f3prio, que al\u00e9m da sua pr\u00f3pria marca, ser\u00e3o vendidos produtos licenciados como roupas de cama, t\u00eanis&#8230; E sabemos que a lista \u00e9 grande. Onde? Rua Dr. Melo Alves, 561 \u2013 Jardim Paulista.<\/p>\n","protected":false},"author":8,"featured_media":7047,"comment_status":"open","ping_status":"open","sticky":false,"template":"","format":"standard","meta":{"jetpack_post_was_ever_published":false,"_jetpack_newsletter_access":"","jetpack_publicize_message":"","jetpack_is_tweetstorm":false,"jetpack_publicize_feature_enabled":true,"jetpack_social_post_already_shared":false,"jetpack_social_options":{"image_generator_settings":{"template":"highway","enabled":false}}},"categories":[2],"tags":[],"jetpack_publicize_connections":[],"jetpack_featured_media_url":"","jetpack_sharing_enabled":true,"jetpack_shortlink":"https:\/\/wp.me\/p3Hz0n-1PE","jetpack_likes_enabled":true,"_links":{"self":[{"href":"https:\/\/agrund.com\/index.php\/wp-json\/wp\/v2\/posts\/7046"}],"collection":[{"href":"https:\/\/agrund.com\/index.php\/wp-json\/wp\/v2\/posts"}],"about":[{"href":"https:\/\/agrund.com\/index.php\/wp-json\/wp\/v2\/types\/post"}],"author":[{"embeddable":true,"href":"https:\/\/agrund.com\/index.php\/wp-json\/wp\/v2\/users\/8"}],"replies":[{"embeddable":true,"href":"https:\/\/agrund.com\/index.php\/wp-json\/wp\/v2\/comments?post=7046"}],"version-history":[{"count":0,"href":"https:\/\/agrund.com\/index.php\/wp-json\/wp\/v2\/posts\/7046\/revisions"}],"wp:featuredmedia":[{"embeddable":true,"href":"https:\/\/agrund.com\/index.php\/wp-json\/"}],"wp:attachment":[{"href":"https:\/\/agrund.com\/index.php\/wp-json\/wp\/v2\/media?parent=7046"}],"wp:term":[{"taxonomy":"category","embeddable":true,"href":"https:\/\/agrund.com\/index.php\/wp-json\/wp\/v2\/categories?post=7046"},{"taxonomy":"post_tag","embeddable":true,"href":"https:\/\/agrund.com\/index.php\/wp-json\/wp\/v2\/tags?post=7046"}],"curies":[{"name":"wp","href":"https:\/\/api.w.org\/{rel}","templated":true}]}}