{"id":70426,"date":"2013-04-29T17:30:42","date_gmt":"2013-04-29T20:30:42","guid":{"rendered":"http:\/\/www.agrund.com\/?p=70426"},"modified":"2013-04-29T17:30:42","modified_gmt":"2013-04-29T20:30:42","slug":"yohji-yamamoto-e-adidas-lancam-seu-verao-2013","status":"publish","type":"post","link":"https:\/\/agrund.com\/index.php\/yohji-yamamoto-e-adidas-lancam-seu-verao-2013\/","title":{"rendered":"Yohji Yamamoto e Adidas lan\u00e7am seu Ver\u00e3o 2013"},"content":{"rendered":"<p>Este ano a Y-3, parceria entre a Adidas e o designer Yohji Yamamoto, comemora 10 anos e acaba de lan\u00e7ar uma campanha especial para o ver\u00e3o 2013.<\/p>\n<p>O fot\u00f3grafo e diretor Pierre Debusscherre \u00e9 o respons\u00e1vel pelo v\u00eddeo que traz um estudo de movimentos, transforma\u00e7\u00f5es e distor\u00e7\u00f5es. Com uma interface super interativa, o usu\u00e1rio conseguir\u00e1 interagir com o v\u00eddeo manipulando sons e imagens, criando seus pr\u00f3prios v\u00eddeos que poder\u00e3o ser compartilhados. Adoramos! Assistam:<\/p>\n<p><span class=\"embed-youtube\" style=\"text-align:center; display: block;\"><iframe loading=\"lazy\" class=\"youtube-player\" width=\"640\" height=\"360\" src=\"https:\/\/www.youtube.com\/embed\/IgMZGMBE-PE?version=3&#038;rel=1&#038;showsearch=0&#038;showinfo=1&#038;iv_load_policy=1&#038;fs=1&#038;hl=pt-BR&#038;autohide=2&#038;wmode=transparent\" allowfullscreen=\"true\" style=\"border:0;\" sandbox=\"allow-scripts allow-same-origin allow-popups allow-presentation\"><\/iframe><\/span><\/p>\n<div id=\"attachment_70427\" style=\"width: 630px\" class=\"wp-caption aligncenter\"><a href=\"https:\/\/i0.wp.com\/www.agrund.com\/wp-content\/uploads\/2013\/04\/yohji-yamamoto-e-adidas-lancam-seu-verao-2013.jpg\"><img aria-describedby=\"caption-attachment-70427\" decoding=\"async\" loading=\"lazy\" class=\"size-full wp-image-70427\" alt=\"Yohji Yamamoto e Adidas lan\u00e7am seu Ver\u00e3o 2013\" src=\"https:\/\/i0.wp.com\/www.agrund.com\/wp-content\/uploads\/2013\/04\/yohji-yamamoto-e-adidas-lancam-seu-verao-2013.jpg?resize=620%2C354\" width=\"620\" height=\"354\" data-recalc-dims=\"1\" \/><\/a><p id=\"caption-attachment-70427\" class=\"wp-caption-text\">Yohji Yamamoto e Adidas lan\u00e7am seu Ver\u00e3o 2013<\/p><\/div>\n<p>Imagem e V\u00eddeo: Reprodu\u00e7\u00e3o.<\/p>\n","protected":false},"excerpt":{"rendered":"<p>Este ano a Y-3, parceria entre a Adidas e o designer Yohji Yamamoto, comemora 10 anos e acaba de lan\u00e7ar uma campanha especial para o ver\u00e3o 2013. O fot\u00f3grafo e diretor Pierre Debusscherre \u00e9 o respons\u00e1vel pelo v\u00eddeo que traz um estudo de movimentos, transforma\u00e7\u00f5es e distor\u00e7\u00f5es. Com uma interface super interativa, o usu\u00e1rio conseguir\u00e1 [&hellip;]<\/p>\n","protected":false},"author":8,"featured_media":70428,"comment_status":"open","ping_status":"open","sticky":false,"template":"","format":"standard","meta":{"jetpack_post_was_ever_published":false,"_jetpack_newsletter_access":"","jetpack_publicize_message":"","jetpack_is_tweetstorm":false,"jetpack_publicize_feature_enabled":true,"jetpack_social_post_already_shared":true,"jetpack_social_options":{"image_generator_settings":{"template":"highway","enabled":false}}},"categories":[6],"tags":[],"jetpack_publicize_connections":[],"jetpack_featured_media_url":"","jetpack_sharing_enabled":true,"jetpack_shortlink":"https:\/\/wp.me\/p3Hz0n-ijU","jetpack_likes_enabled":true,"_links":{"self":[{"href":"https:\/\/agrund.com\/index.php\/wp-json\/wp\/v2\/posts\/70426"}],"collection":[{"href":"https:\/\/agrund.com\/index.php\/wp-json\/wp\/v2\/posts"}],"about":[{"href":"https:\/\/agrund.com\/index.php\/wp-json\/wp\/v2\/types\/post"}],"author":[{"embeddable":true,"href":"https:\/\/agrund.com\/index.php\/wp-json\/wp\/v2\/users\/8"}],"replies":[{"embeddable":true,"href":"https:\/\/agrund.com\/index.php\/wp-json\/wp\/v2\/comments?post=70426"}],"version-history":[{"count":0,"href":"https:\/\/agrund.com\/index.php\/wp-json\/wp\/v2\/posts\/70426\/revisions"}],"wp:featuredmedia":[{"embeddable":true,"href":"https:\/\/agrund.com\/index.php\/wp-json\/"}],"wp:attachment":[{"href":"https:\/\/agrund.com\/index.php\/wp-json\/wp\/v2\/media?parent=70426"}],"wp:term":[{"taxonomy":"category","embeddable":true,"href":"https:\/\/agrund.com\/index.php\/wp-json\/wp\/v2\/categories?post=70426"},{"taxonomy":"post_tag","embeddable":true,"href":"https:\/\/agrund.com\/index.php\/wp-json\/wp\/v2\/tags?post=70426"}],"curies":[{"name":"wp","href":"https:\/\/api.w.org\/{rel}","templated":true}]}}