{"id":70381,"date":"2013-04-29T20:00:12","date_gmt":"2013-04-29T23:00:12","guid":{"rendered":"http:\/\/www.agrund.com\/?p=70381"},"modified":"2013-04-29T20:00:12","modified_gmt":"2013-04-29T23:00:12","slug":"renato-galvao-encara-lentes-para-campanha","status":"publish","type":"post","link":"https:\/\/agrund.com\/index.php\/renato-galvao-encara-lentes-para-campanha\/","title":{"rendered":"Renato Galv\u00e3o encara lentes para campanha"},"content":{"rendered":"<p>O surfista Renato Galv\u00e3o, bi campe\u00e3o brasileiro e bi campe\u00e3o paulista, encarou as lentes para estrelar a campanha de outono da Long Island. A marca aposta em pe\u00e7as ideais para os dias de temperaturas mais amenas como as camisetas de manga longa, que s\u00e3o combina\u00e7\u00f5es perfeitas para se proteger contra o vento gelado t\u00edpico da esta\u00e7\u00e3o.<br \/>\nA T-shirt com gola V em tecido tecnol\u00f3gico tem estampa tanto na frente quanto nas costas, al\u00e9m das op\u00e7\u00f5es de estampas nas costas com bordado na frente. Ideais para os que curtem praticar esportes no fim de tarde, logo depois do trabalho, e aproveitam uma praia ou montanha nos fins de semana.<\/p>\n<div id=\"attachment_70382\" style=\"width: 510px\" class=\"wp-caption aligncenter\"><a href=\"https:\/\/i0.wp.com\/www.agrund.com\/wp-content\/uploads\/2013\/04\/renato-galvao-encara-lentes-para-campanha-1.jpg\"><img aria-describedby=\"caption-attachment-70382\" decoding=\"async\" loading=\"lazy\" class=\"size-full wp-image-70382\" alt=\"Renato Galv\u00e3o encara lentes para campanha\" src=\"https:\/\/i0.wp.com\/www.agrund.com\/wp-content\/uploads\/2013\/04\/renato-galvao-encara-lentes-para-campanha-1.jpg?resize=500%2C333\" width=\"500\" height=\"333\" data-recalc-dims=\"1\" \/><\/a><p id=\"caption-attachment-70382\" class=\"wp-caption-text\">Renato Galv\u00e3o encara lentes para campanha<\/p><\/div>\n<div id=\"attachment_70383\" style=\"width: 510px\" class=\"wp-caption aligncenter\"><a href=\"https:\/\/i0.wp.com\/www.agrund.com\/wp-content\/uploads\/2013\/04\/renato-galvao-encara-lentes-para-campanha-2.jpg\"><img aria-describedby=\"caption-attachment-70383\" decoding=\"async\" loading=\"lazy\" class=\"size-full wp-image-70383\" alt=\"Renato Galv\u00e3o encara lentes para campanha\" src=\"https:\/\/i0.wp.com\/www.agrund.com\/wp-content\/uploads\/2013\/04\/renato-galvao-encara-lentes-para-campanha-2.jpg?resize=500%2C333\" width=\"500\" height=\"333\" data-recalc-dims=\"1\" \/><\/a><p id=\"caption-attachment-70383\" class=\"wp-caption-text\">Renato Galv\u00e3o encara lentes para campanha<\/p><\/div>\n<div id=\"attachment_70384\" style=\"width: 510px\" class=\"wp-caption aligncenter\"><a href=\"https:\/\/i0.wp.com\/www.agrund.com\/wp-content\/uploads\/2013\/04\/renato-galvao-encara-lentes-para-campanha-3.jpg\"><img aria-describedby=\"caption-attachment-70384\" decoding=\"async\" loading=\"lazy\" class=\"size-full wp-image-70384\" alt=\"Renato Galv\u00e3o encara lentes para campanha\" src=\"https:\/\/i0.wp.com\/www.agrund.com\/wp-content\/uploads\/2013\/04\/renato-galvao-encara-lentes-para-campanha-3.jpg?resize=500%2C346\" width=\"500\" height=\"346\" data-recalc-dims=\"1\" \/><\/a><p id=\"caption-attachment-70384\" class=\"wp-caption-text\">Renato Galv\u00e3o encara lentes para campanha<\/p><\/div>\n<div id=\"attachment_70385\" style=\"width: 510px\" class=\"wp-caption aligncenter\"><a href=\"https:\/\/i0.wp.com\/www.agrund.com\/wp-content\/uploads\/2013\/04\/renato-galvao-encara-lentes-para-campanha-4.jpg\"><img aria-describedby=\"caption-attachment-70385\" decoding=\"async\" loading=\"lazy\" class=\"size-full wp-image-70385\" alt=\"Renato Galv\u00e3o encara lentes para campanha\" src=\"https:\/\/i0.wp.com\/www.agrund.com\/wp-content\/uploads\/2013\/04\/renato-galvao-encara-lentes-para-campanha-4.jpg?resize=500%2C333\" width=\"500\" height=\"333\" data-recalc-dims=\"1\" \/><\/a><p id=\"caption-attachment-70385\" class=\"wp-caption-text\">Renato Galv\u00e3o encara lentes para campanha<\/p><\/div>\n<p>Fotos: Paulo Bareta<\/p>\n","protected":false},"excerpt":{"rendered":"<p>O surfista Renato Galv\u00e3o, bi campe\u00e3o brasileiro e bi campe\u00e3o paulista, encarou as lentes para estrelar a campanha de outono da Long Island. A marca aposta em pe\u00e7as ideais para os dias de temperaturas mais amenas como as camisetas de manga longa, que s\u00e3o combina\u00e7\u00f5es perfeitas para se proteger contra o vento gelado t\u00edpico da [&hellip;]<\/p>\n","protected":false},"author":8,"featured_media":70386,"comment_status":"open","ping_status":"open","sticky":false,"template":"","format":"standard","meta":{"jetpack_post_was_ever_published":false,"_jetpack_newsletter_access":"","jetpack_publicize_message":"","jetpack_is_tweetstorm":false,"jetpack_publicize_feature_enabled":true,"jetpack_social_post_already_shared":true,"jetpack_social_options":{"image_generator_settings":{"template":"highway","enabled":false}}},"categories":[6],"tags":[],"jetpack_publicize_connections":[],"jetpack_featured_media_url":"","jetpack_sharing_enabled":true,"jetpack_shortlink":"https:\/\/wp.me\/p3Hz0n-ijb","jetpack_likes_enabled":true,"_links":{"self":[{"href":"https:\/\/agrund.com\/index.php\/wp-json\/wp\/v2\/posts\/70381"}],"collection":[{"href":"https:\/\/agrund.com\/index.php\/wp-json\/wp\/v2\/posts"}],"about":[{"href":"https:\/\/agrund.com\/index.php\/wp-json\/wp\/v2\/types\/post"}],"author":[{"embeddable":true,"href":"https:\/\/agrund.com\/index.php\/wp-json\/wp\/v2\/users\/8"}],"replies":[{"embeddable":true,"href":"https:\/\/agrund.com\/index.php\/wp-json\/wp\/v2\/comments?post=70381"}],"version-history":[{"count":0,"href":"https:\/\/agrund.com\/index.php\/wp-json\/wp\/v2\/posts\/70381\/revisions"}],"wp:featuredmedia":[{"embeddable":true,"href":"https:\/\/agrund.com\/index.php\/wp-json\/"}],"wp:attachment":[{"href":"https:\/\/agrund.com\/index.php\/wp-json\/wp\/v2\/media?parent=70381"}],"wp:term":[{"taxonomy":"category","embeddable":true,"href":"https:\/\/agrund.com\/index.php\/wp-json\/wp\/v2\/categories?post=70381"},{"taxonomy":"post_tag","embeddable":true,"href":"https:\/\/agrund.com\/index.php\/wp-json\/wp\/v2\/tags?post=70381"}],"curies":[{"name":"wp","href":"https:\/\/api.w.org\/{rel}","templated":true}]}}