{"id":70339,"date":"2013-04-29T15:00:51","date_gmt":"2013-04-29T18:00:51","guid":{"rendered":"http:\/\/www.agrund.com\/?p=70339"},"modified":"2013-04-29T15:00:51","modified_gmt":"2013-04-29T18:00:51","slug":"inspiracao-rustica-no-inverno-da-basko","status":"publish","type":"post","link":"https:\/\/agrund.com\/index.php\/inspiracao-rustica-no-inverno-da-basko\/","title":{"rendered":"Inspira\u00e7\u00e3o r\u00fastica no  Inverno da  Basko"},"content":{"rendered":"<p>A Basko se inspirou na alfaiataria cl\u00e1ssica e nas vertentes r\u00fasticas e urbanas para apresentar seu Inverno 2013. A marca faz uma releitura contempor\u00e2nea do universo militar e sportwear minimalista.<\/p>\n<p>Os produtos trazem materiais e detalhes exclusivos como couros caprinos e vegetais, verniz, graxos, acamur\u00e7ados e ponto luva. Os acess\u00f3rios s\u00e3o desenvolvidos com exclusividade: \u00f3culos solares, joias em prata, chap\u00e9u em feltro 100% l\u00e3, cachecol de fio mesclado, pastas, bolsa carteiro, porta Ipad, carteiras, cintos, malas de viagem e mochilas. Tudo para deixar o inverno masculino ainda mais cheio de estilo.<\/p>\n<div id=\"attachment_70340\" style=\"width: 460px\" class=\"wp-caption aligncenter\"><a href=\"https:\/\/i0.wp.com\/www.agrund.com\/wp-content\/uploads\/2013\/04\/inspiracao-rustica-no-inverno-da-basko-1.jpg\"><img aria-describedby=\"caption-attachment-70340\" decoding=\"async\" loading=\"lazy\" class=\"size-full wp-image-70340\" alt=\"Inspira\u00e7\u00e3o r\u00fastica no  Inverno da  Basko\" src=\"https:\/\/i0.wp.com\/www.agrund.com\/wp-content\/uploads\/2013\/04\/inspiracao-rustica-no-inverno-da-basko-1.jpg?resize=450%2C300\" width=\"450\" height=\"300\" data-recalc-dims=\"1\" \/><\/a><p id=\"caption-attachment-70340\" class=\"wp-caption-text\">Inspira\u00e7\u00e3o r\u00fastica no Inverno da Basko<\/p><\/div>\n<div id=\"attachment_70341\" style=\"width: 460px\" class=\"wp-caption aligncenter\"><a href=\"https:\/\/i0.wp.com\/www.agrund.com\/wp-content\/uploads\/2013\/04\/inspiracao-rustica-no-inverno-da-basko-2.jpg\"><img aria-describedby=\"caption-attachment-70341\" decoding=\"async\" loading=\"lazy\" class=\"size-full wp-image-70341\" alt=\"Inspira\u00e7\u00e3o r\u00fastica no  Inverno da  Basko\" src=\"https:\/\/i0.wp.com\/www.agrund.com\/wp-content\/uploads\/2013\/04\/inspiracao-rustica-no-inverno-da-basko-2.jpg?resize=450%2C300\" width=\"450\" height=\"300\" data-recalc-dims=\"1\" \/><\/a><p id=\"caption-attachment-70341\" class=\"wp-caption-text\">Inspira\u00e7\u00e3o r\u00fastica no Inverno da Basko<\/p><\/div>\n<div id=\"attachment_70342\" style=\"width: 460px\" class=\"wp-caption aligncenter\"><a href=\"https:\/\/i0.wp.com\/www.agrund.com\/wp-content\/uploads\/2013\/04\/inspiracao-rustica-no-inverno-da-basko-3.jpg\"><img aria-describedby=\"caption-attachment-70342\" decoding=\"async\" loading=\"lazy\" class=\"size-full wp-image-70342\" alt=\"Inspira\u00e7\u00e3o r\u00fastica no  Inverno da  Basko\" src=\"https:\/\/i0.wp.com\/www.agrund.com\/wp-content\/uploads\/2013\/04\/inspiracao-rustica-no-inverno-da-basko-3.jpg?resize=450%2C300\" width=\"450\" height=\"300\" data-recalc-dims=\"1\" \/><\/a><p id=\"caption-attachment-70342\" class=\"wp-caption-text\">Inspira\u00e7\u00e3o r\u00fastica no Inverno da Basko<\/p><\/div>\n<div id=\"attachment_70343\" style=\"width: 460px\" class=\"wp-caption aligncenter\"><a href=\"https:\/\/i0.wp.com\/www.agrund.com\/wp-content\/uploads\/2013\/04\/inspiracao-rustica-no-inverno-da-basko-4.jpg\"><img aria-describedby=\"caption-attachment-70343\" decoding=\"async\" loading=\"lazy\" class=\"size-full wp-image-70343\" alt=\"Inspira\u00e7\u00e3o r\u00fastica no  Inverno da  Basko\" src=\"https:\/\/i0.wp.com\/www.agrund.com\/wp-content\/uploads\/2013\/04\/inspiracao-rustica-no-inverno-da-basko-4.jpg?resize=450%2C300\" width=\"450\" height=\"300\" data-recalc-dims=\"1\" \/><\/a><p id=\"caption-attachment-70343\" class=\"wp-caption-text\">Inspira\u00e7\u00e3o r\u00fastica no Inverno da Basko<\/p><\/div>\n<div id=\"attachment_70344\" style=\"width: 460px\" class=\"wp-caption aligncenter\"><a href=\"https:\/\/i0.wp.com\/www.agrund.com\/wp-content\/uploads\/2013\/04\/inspiracao-rustica-no-inverno-da-basko-5.jpg\"><img aria-describedby=\"caption-attachment-70344\" decoding=\"async\" loading=\"lazy\" class=\"size-full wp-image-70344\" alt=\"Inspira\u00e7\u00e3o r\u00fastica no  Inverno da  Basko\" src=\"https:\/\/i0.wp.com\/www.agrund.com\/wp-content\/uploads\/2013\/04\/inspiracao-rustica-no-inverno-da-basko-5.jpg?resize=450%2C300\" width=\"450\" height=\"300\" data-recalc-dims=\"1\" \/><\/a><p id=\"caption-attachment-70344\" class=\"wp-caption-text\">Inspira\u00e7\u00e3o r\u00fastica no Inverno da Basko<\/p><\/div>\n<div id=\"attachment_70345\" style=\"width: 460px\" class=\"wp-caption aligncenter\"><a href=\"https:\/\/i0.wp.com\/www.agrund.com\/wp-content\/uploads\/2013\/04\/inspiracao-rustica-no-inverno-da-basko-6.jpg\"><img aria-describedby=\"caption-attachment-70345\" decoding=\"async\" loading=\"lazy\" class=\"size-full wp-image-70345\" alt=\"Inspira\u00e7\u00e3o r\u00fastica no  Inverno da  Basko\" src=\"https:\/\/i0.wp.com\/www.agrund.com\/wp-content\/uploads\/2013\/04\/inspiracao-rustica-no-inverno-da-basko-6.jpg?resize=450%2C300\" width=\"450\" height=\"300\" data-recalc-dims=\"1\" \/><\/a><p id=\"caption-attachment-70345\" class=\"wp-caption-text\">Inspira\u00e7\u00e3o r\u00fastica no Inverno da Basko<\/p><\/div>\n<div id=\"attachment_70346\" style=\"width: 460px\" class=\"wp-caption aligncenter\"><a href=\"https:\/\/i0.wp.com\/www.agrund.com\/wp-content\/uploads\/2013\/04\/inspiracao-rustica-no-inverno-da-basko-7.jpg\"><img aria-describedby=\"caption-attachment-70346\" decoding=\"async\" loading=\"lazy\" class=\"size-full wp-image-70346\" alt=\"Inspira\u00e7\u00e3o r\u00fastica no  Inverno da  Basko\" src=\"https:\/\/i0.wp.com\/www.agrund.com\/wp-content\/uploads\/2013\/04\/inspiracao-rustica-no-inverno-da-basko-7.jpg?resize=450%2C300\" width=\"450\" height=\"300\" data-recalc-dims=\"1\" \/><\/a><p id=\"caption-attachment-70346\" class=\"wp-caption-text\">Inspira\u00e7\u00e3o r\u00fastica no Inverno da Basko<\/p><\/div>\n<div id=\"attachment_70347\" style=\"width: 460px\" class=\"wp-caption aligncenter\"><a href=\"https:\/\/i0.wp.com\/www.agrund.com\/wp-content\/uploads\/2013\/04\/inspiracao-rustica-no-inverno-da-basko-8.jpg\"><img aria-describedby=\"caption-attachment-70347\" decoding=\"async\" loading=\"lazy\" class=\"size-full wp-image-70347\" alt=\"Inspira\u00e7\u00e3o r\u00fastica no  Inverno da  Basko\" src=\"https:\/\/i0.wp.com\/www.agrund.com\/wp-content\/uploads\/2013\/04\/inspiracao-rustica-no-inverno-da-basko-8.jpg?resize=450%2C300\" width=\"450\" height=\"300\" data-recalc-dims=\"1\" \/><\/a><p id=\"caption-attachment-70347\" class=\"wp-caption-text\">Inspira\u00e7\u00e3o r\u00fastica no Inverno da Basko<\/p><\/div>\n<p>Imagens: Divulga\u00e7\u00e3o.<\/p>\n","protected":false},"excerpt":{"rendered":"<p>A Basko se inspirou na alfaiataria cl\u00e1ssica e nas vertentes r\u00fasticas e urbanas para apresentar seu Inverno 2013. A marca faz uma releitura contempor\u00e2nea do universo militar e sportwear minimalista. Os produtos trazem materiais e detalhes exclusivos como couros caprinos e vegetais, verniz, graxos, acamur\u00e7ados e ponto luva. Os acess\u00f3rios s\u00e3o desenvolvidos com exclusividade: \u00f3culos [&hellip;]<\/p>\n","protected":false},"author":8,"featured_media":70348,"comment_status":"open","ping_status":"open","sticky":false,"template":"","format":"standard","meta":{"jetpack_post_was_ever_published":false,"_jetpack_newsletter_access":"","jetpack_publicize_message":"","jetpack_is_tweetstorm":false,"jetpack_publicize_feature_enabled":true,"jetpack_social_post_already_shared":true,"jetpack_social_options":{"image_generator_settings":{"template":"highway","enabled":false}}},"categories":[6],"tags":[],"jetpack_publicize_connections":[],"jetpack_featured_media_url":"","jetpack_sharing_enabled":true,"jetpack_shortlink":"https:\/\/wp.me\/p3Hz0n-iiv","jetpack_likes_enabled":true,"_links":{"self":[{"href":"https:\/\/agrund.com\/index.php\/wp-json\/wp\/v2\/posts\/70339"}],"collection":[{"href":"https:\/\/agrund.com\/index.php\/wp-json\/wp\/v2\/posts"}],"about":[{"href":"https:\/\/agrund.com\/index.php\/wp-json\/wp\/v2\/types\/post"}],"author":[{"embeddable":true,"href":"https:\/\/agrund.com\/index.php\/wp-json\/wp\/v2\/users\/8"}],"replies":[{"embeddable":true,"href":"https:\/\/agrund.com\/index.php\/wp-json\/wp\/v2\/comments?post=70339"}],"version-history":[{"count":0,"href":"https:\/\/agrund.com\/index.php\/wp-json\/wp\/v2\/posts\/70339\/revisions"}],"wp:featuredmedia":[{"embeddable":true,"href":"https:\/\/agrund.com\/index.php\/wp-json\/"}],"wp:attachment":[{"href":"https:\/\/agrund.com\/index.php\/wp-json\/wp\/v2\/media?parent=70339"}],"wp:term":[{"taxonomy":"category","embeddable":true,"href":"https:\/\/agrund.com\/index.php\/wp-json\/wp\/v2\/categories?post=70339"},{"taxonomy":"post_tag","embeddable":true,"href":"https:\/\/agrund.com\/index.php\/wp-json\/wp\/v2\/tags?post=70339"}],"curies":[{"name":"wp","href":"https:\/\/api.w.org\/{rel}","templated":true}]}}