{"id":70277,"date":"2013-04-29T10:00:41","date_gmt":"2013-04-29T13:00:41","guid":{"rendered":"http:\/\/www.agrund.com\/?p=70277"},"modified":"2013-04-29T10:00:41","modified_gmt":"2013-04-29T13:00:41","slug":"a-temporada-de-moda-carioca","status":"publish","type":"post","link":"https:\/\/agrund.com\/index.php\/a-temporada-de-moda-carioca\/","title":{"rendered":"A Temporada de Moda Carioca"},"content":{"rendered":"<div>O Rio de Janeiro literalmente ferveu durante os dias 15 e 19 de abril. O Fashion Rio, evento que marca os lan\u00e7amentos na temporada de moda carioca, trouxe tamb\u00e9m muita informa\u00e7\u00e3o para os homens. O legal \u00e9 que muitas tend\u00eancias que a princ\u00edpio ficariam restritas aos closets femininos, invadem de vez o vestu\u00e1rio dos homens. Selecionei alguns looks que ilustram bem essas apostas para o ver\u00e3o 2014.<\/div>\n<div><\/div>\n<div>Os conjuntos tamb\u00e9m v\u00eam para alongar a silhueta dos homens. Junto com essa dupla aparece tamb\u00e9m o mix de texturas. Tecidos leves se sobrep\u00f5em ou tecidos mais transparentes se unem a outros mais encorpados. Confira os looks de OEstudio e TNG.<\/div>\n<div><\/div>\n<div>A tend\u00eancia esportiva parece que veio para ficar. Ela se estabeleceu nas passarelas femininas e tamb\u00e9m toma for\u00e7a no guarda roupa masculino. E v\u00e1rios esportes serviram de inspira\u00e7\u00e3o. Desde o ciclismo aos esportes n\u00e1uticos. O melhor de tudo \u00e9 que aqui voc\u00ea identifica mais tend\u00eancias como o forte preto e branco, al\u00e9m de estampas barrocas. Ausl\u00e4nder, Blue Man, Coca-Cola Clothing e TNG mostraram bem isso!<\/div>\n<div><\/div>\n<div>A mais ousada de todas as tend\u00eancias para os homens que apareceu na semana de moda carioca foi a transpar\u00eancia. Desde a inusitada inspira\u00e7\u00e3o da Ellus 2nd Floor em cima do pop art, Roy Lichenstein e Andy Warhol e seus po\u00e1s feitos a laser ao esportivo ilustrado com tric\u00f4 bem fininho da R.Groove.<\/div>\n<div><\/div>\n<div>Um ver\u00e3o sem estampas n\u00e3o \u00e9 o mesmo de outrora. O floral pode aparecer colorido como pede a esta\u00e7\u00e3o mais vibrante do ano ou em preto como dita a tend\u00eancia. As listras tamb\u00e9m remetem ao universo navy e as estampas com efeitos \u00f3ticos tamb\u00e9m est\u00e3o presentes. O melhor \u00e9 que para sua produ\u00e7\u00e3o ganhar uma cara contempor\u00e2nea, se inspire nas jardineiras criadas pelo estilista Alexandre Herchcovitch para sua segunda marca Herchcovitch.<\/div>\n<div><\/div>\n<div>E para finalizar, o jeans d\u00e9lav\u00e9 ou bem clarinho que apareceu ou desapareceu nas passarelas, aqui sem muitas explica\u00e7\u00f5es, em looks do desfile\/protesto da Reserva. Ali\u00e1s, um dos poucos looks que consegui ver porque a maioria vinha com uma fantasia pendurada no cabide. Veja a foto&#8230;<\/div>\n<div><\/div>\n<div>Agora escolha a sua tend\u00eancia preferida e monte seu look. Para voc\u00ea, minha querida leitora, d\u00ea a sugest\u00e3o para o seu amado, mas tudo com muita sutileza.<\/div>\n<div><\/div>\n<div>Beijos e at\u00e9 semana que vem!<\/div>\n<div>\n<div id=\"attachment_70288\" style=\"width: 490px\" class=\"wp-caption aligncenter\"><a href=\"https:\/\/i0.wp.com\/www.agrund.com\/wp-content\/uploads\/2013\/04\/a-temporada-de-moda-carioca-11.jpg\"><img aria-describedby=\"caption-attachment-70288\" decoding=\"async\" loading=\"lazy\" class=\"size-full wp-image-70288\" alt=\"A Temporada de Moda Carioca\" src=\"https:\/\/i0.wp.com\/www.agrund.com\/wp-content\/uploads\/2013\/04\/a-temporada-de-moda-carioca-11.jpg?resize=480%2C723\" width=\"480\" height=\"723\" data-recalc-dims=\"1\" \/><\/a><p id=\"caption-attachment-70288\" class=\"wp-caption-text\">A Temporada de Moda Carioca<\/p><\/div>\n<div id=\"attachment_70289\" style=\"width: 490px\" class=\"wp-caption aligncenter\"><a href=\"https:\/\/i0.wp.com\/www.agrund.com\/wp-content\/uploads\/2013\/04\/a-temporada-de-moda-carioca-21.jpg\"><img aria-describedby=\"caption-attachment-70289\" decoding=\"async\" loading=\"lazy\" class=\"size-full wp-image-70289\" alt=\"A Temporada de Moda Carioca\" src=\"https:\/\/i0.wp.com\/www.agrund.com\/wp-content\/uploads\/2013\/04\/a-temporada-de-moda-carioca-21.jpg?resize=480%2C721\" width=\"480\" height=\"721\" data-recalc-dims=\"1\" \/><\/a><p id=\"caption-attachment-70289\" class=\"wp-caption-text\">A Temporada de Moda Carioca<\/p><\/div>\n<div id=\"attachment_70290\" style=\"width: 490px\" class=\"wp-caption aligncenter\"><a href=\"https:\/\/i0.wp.com\/www.agrund.com\/wp-content\/uploads\/2013\/04\/a-temporada-de-moda-carioca-31.jpg\"><img aria-describedby=\"caption-attachment-70290\" decoding=\"async\" loading=\"lazy\" class=\"size-full wp-image-70290\" alt=\"A Temporada de Moda Carioca\" src=\"https:\/\/i0.wp.com\/www.agrund.com\/wp-content\/uploads\/2013\/04\/a-temporada-de-moda-carioca-31.jpg?resize=480%2C721\" width=\"480\" height=\"721\" data-recalc-dims=\"1\" \/><\/a><p id=\"caption-attachment-70290\" class=\"wp-caption-text\">A Temporada de Moda Carioca<\/p><\/div>\n<div id=\"attachment_70291\" style=\"width: 490px\" class=\"wp-caption aligncenter\"><a href=\"https:\/\/i0.wp.com\/www.agrund.com\/wp-content\/uploads\/2013\/04\/a-temporada-de-moda-carioca-41.jpg\"><img aria-describedby=\"caption-attachment-70291\" decoding=\"async\" loading=\"lazy\" class=\"size-full wp-image-70291\" alt=\"A Temporada de Moda Carioca\" src=\"https:\/\/i0.wp.com\/www.agrund.com\/wp-content\/uploads\/2013\/04\/a-temporada-de-moda-carioca-41.jpg?resize=480%2C721\" width=\"480\" height=\"721\" data-recalc-dims=\"1\" \/><\/a><p id=\"caption-attachment-70291\" class=\"wp-caption-text\">A Temporada de Moda Carioca<\/p><\/div>\n<div id=\"attachment_70292\" style=\"width: 490px\" class=\"wp-caption aligncenter\"><a href=\"https:\/\/i0.wp.com\/www.agrund.com\/wp-content\/uploads\/2013\/04\/a-temporada-de-moda-carioca-5.jpg\"><img aria-describedby=\"caption-attachment-70292\" decoding=\"async\" loading=\"lazy\" class=\"size-full wp-image-70292\" alt=\"A Temporada de Moda Carioca\" src=\"https:\/\/i0.wp.com\/www.agrund.com\/wp-content\/uploads\/2013\/04\/a-temporada-de-moda-carioca-5.jpg?resize=480%2C721\" width=\"480\" height=\"721\" data-recalc-dims=\"1\" \/><\/a><p id=\"caption-attachment-70292\" class=\"wp-caption-text\">A Temporada de Moda Carioca<\/p><\/div>\n<div id=\"attachment_70293\" style=\"width: 490px\" class=\"wp-caption aligncenter\"><a href=\"https:\/\/i0.wp.com\/www.agrund.com\/wp-content\/uploads\/2013\/04\/a-temporada-de-moda-carioca-6.jpg\"><img aria-describedby=\"caption-attachment-70293\" decoding=\"async\" loading=\"lazy\" class=\"size-full wp-image-70293\" alt=\"A Temporada de Moda Carioca\" src=\"https:\/\/i0.wp.com\/www.agrund.com\/wp-content\/uploads\/2013\/04\/a-temporada-de-moda-carioca-6.jpg?resize=480%2C723\" width=\"480\" height=\"723\" data-recalc-dims=\"1\" \/><\/a><p id=\"caption-attachment-70293\" class=\"wp-caption-text\">A Temporada de Moda Carioca<\/p><\/div>\n<div id=\"attachment_70294\" style=\"width: 490px\" class=\"wp-caption aligncenter\"><a href=\"https:\/\/i0.wp.com\/www.agrund.com\/wp-content\/uploads\/2013\/04\/a-temporada-de-moda-carioca-7.jpg\"><img aria-describedby=\"caption-attachment-70294\" decoding=\"async\" loading=\"lazy\" class=\"size-full wp-image-70294\" alt=\"A Temporada de Moda Carioca\" src=\"https:\/\/i0.wp.com\/www.agrund.com\/wp-content\/uploads\/2013\/04\/a-temporada-de-moda-carioca-7.jpg?resize=480%2C723\" width=\"480\" height=\"723\" data-recalc-dims=\"1\" \/><\/a><p id=\"caption-attachment-70294\" class=\"wp-caption-text\">A Temporada de Moda Carioca<\/p><\/div>\n<div id=\"attachment_70295\" style=\"width: 490px\" class=\"wp-caption aligncenter\"><a href=\"https:\/\/i0.wp.com\/www.agrund.com\/wp-content\/uploads\/2013\/04\/a-temporada-de-moda-carioca-8.jpg\"><img aria-describedby=\"caption-attachment-70295\" decoding=\"async\" loading=\"lazy\" class=\"size-full wp-image-70295\" alt=\"A Temporada de Moda Carioca\" src=\"https:\/\/i0.wp.com\/www.agrund.com\/wp-content\/uploads\/2013\/04\/a-temporada-de-moda-carioca-8.jpg?resize=480%2C721\" width=\"480\" height=\"721\" data-recalc-dims=\"1\" \/><\/a><p id=\"caption-attachment-70295\" class=\"wp-caption-text\">A Temporada de Moda Carioca<\/p><\/div>\n<div id=\"attachment_70296\" style=\"width: 490px\" class=\"wp-caption aligncenter\"><a href=\"https:\/\/i0.wp.com\/www.agrund.com\/wp-content\/uploads\/2013\/04\/a-temporada-de-moda-carioca-9.jpg\"><img aria-describedby=\"caption-attachment-70296\" decoding=\"async\" loading=\"lazy\" class=\"size-full wp-image-70296\" alt=\"A Temporada de Moda Carioca\" src=\"https:\/\/i0.wp.com\/www.agrund.com\/wp-content\/uploads\/2013\/04\/a-temporada-de-moda-carioca-9.jpg?resize=480%2C721\" width=\"480\" height=\"721\" data-recalc-dims=\"1\" \/><\/a><p id=\"caption-attachment-70296\" class=\"wp-caption-text\">A Temporada de Moda Carioca<\/p><\/div>\n<div id=\"attachment_70297\" style=\"width: 490px\" class=\"wp-caption aligncenter\"><a href=\"https:\/\/i0.wp.com\/www.agrund.com\/wp-content\/uploads\/2013\/04\/a-temporada-de-moda-carioca-10.jpg\"><img aria-describedby=\"caption-attachment-70297\" decoding=\"async\" loading=\"lazy\" class=\"size-full wp-image-70297\" alt=\"A Temporada de Moda Carioca\" src=\"https:\/\/i0.wp.com\/www.agrund.com\/wp-content\/uploads\/2013\/04\/a-temporada-de-moda-carioca-10.jpg?resize=480%2C723\" width=\"480\" height=\"723\" data-recalc-dims=\"1\" \/><\/a><p id=\"caption-attachment-70297\" class=\"wp-caption-text\">A Temporada de Moda Carioca<\/p><\/div>\n<div id=\"attachment_70298\" style=\"width: 490px\" class=\"wp-caption aligncenter\"><a href=\"https:\/\/i0.wp.com\/www.agrund.com\/wp-content\/uploads\/2013\/04\/a-temporada-de-moda-carioca-111.jpg\"><img aria-describedby=\"caption-attachment-70298\" decoding=\"async\" loading=\"lazy\" class=\"size-full wp-image-70298\" alt=\"A Temporada de Moda Carioca\" src=\"https:\/\/i0.wp.com\/www.agrund.com\/wp-content\/uploads\/2013\/04\/a-temporada-de-moda-carioca-111.jpg?resize=480%2C721\" width=\"480\" height=\"721\" data-recalc-dims=\"1\" \/><\/a><p id=\"caption-attachment-70298\" class=\"wp-caption-text\">A Temporada de Moda Carioca<\/p><\/div>\n<div id=\"attachment_70299\" style=\"width: 490px\" class=\"wp-caption aligncenter\"><a href=\"https:\/\/i0.wp.com\/www.agrund.com\/wp-content\/uploads\/2013\/04\/a-temporada-de-moda-carioca-12.jpg\"><img aria-describedby=\"caption-attachment-70299\" decoding=\"async\" loading=\"lazy\" class=\"size-full wp-image-70299\" alt=\"A Temporada de Moda Carioca\" src=\"https:\/\/i0.wp.com\/www.agrund.com\/wp-content\/uploads\/2013\/04\/a-temporada-de-moda-carioca-12.jpg?resize=480%2C721\" width=\"480\" height=\"721\" data-recalc-dims=\"1\" \/><\/a><p id=\"caption-attachment-70299\" class=\"wp-caption-text\">A Temporada de Moda Carioca<\/p><\/div>\n<div id=\"attachment_70300\" style=\"width: 490px\" class=\"wp-caption aligncenter\"><a href=\"https:\/\/i0.wp.com\/www.agrund.com\/wp-content\/uploads\/2013\/04\/a-temporada-de-moda-carioca-13.jpg\"><img aria-describedby=\"caption-attachment-70300\" decoding=\"async\" loading=\"lazy\" class=\"size-full wp-image-70300\" alt=\"A Temporada de Moda Carioca\" src=\"https:\/\/i0.wp.com\/www.agrund.com\/wp-content\/uploads\/2013\/04\/a-temporada-de-moda-carioca-13.jpg?resize=480%2C721\" width=\"480\" height=\"721\" data-recalc-dims=\"1\" \/><\/a><p id=\"caption-attachment-70300\" class=\"wp-caption-text\">A Temporada de Moda Carioca<\/p><\/div>\n<div id=\"attachment_70301\" style=\"width: 490px\" class=\"wp-caption aligncenter\"><a href=\"https:\/\/i0.wp.com\/www.agrund.com\/wp-content\/uploads\/2013\/04\/a-temporada-de-moda-carioca-14.jpg\"><img aria-describedby=\"caption-attachment-70301\" decoding=\"async\" loading=\"lazy\" class=\"size-full wp-image-70301\" alt=\"A Temporada de Moda Carioca\" src=\"https:\/\/i0.wp.com\/www.agrund.com\/wp-content\/uploads\/2013\/04\/a-temporada-de-moda-carioca-14.jpg?resize=480%2C722\" width=\"480\" height=\"722\" data-recalc-dims=\"1\" \/><\/a><p id=\"caption-attachment-70301\" class=\"wp-caption-text\">A Temporada de Moda Carioca<\/p><\/div>\n<div id=\"attachment_70302\" style=\"width: 490px\" class=\"wp-caption aligncenter\"><a href=\"https:\/\/i0.wp.com\/www.agrund.com\/wp-content\/uploads\/2013\/04\/a-temporada-de-moda-carioca-15.jpg\"><img aria-describedby=\"caption-attachment-70302\" decoding=\"async\" loading=\"lazy\" class=\"size-full wp-image-70302\" alt=\"A Temporada de Moda Carioca\" src=\"https:\/\/i0.wp.com\/www.agrund.com\/wp-content\/uploads\/2013\/04\/a-temporada-de-moda-carioca-15.jpg?resize=480%2C722\" width=\"480\" height=\"722\" data-recalc-dims=\"1\" \/><\/a><p id=\"caption-attachment-70302\" class=\"wp-caption-text\">A Temporada de Moda Carioca<\/p><\/div>\n<div id=\"attachment_70303\" style=\"width: 490px\" class=\"wp-caption aligncenter\"><a href=\"https:\/\/i0.wp.com\/www.agrund.com\/wp-content\/uploads\/2013\/04\/a-temporada-de-moda-carioca-16.jpg\"><img aria-describedby=\"caption-attachment-70303\" decoding=\"async\" loading=\"lazy\" class=\"size-full wp-image-70303\" alt=\"A Temporada de Moda Carioca\" src=\"https:\/\/i0.wp.com\/www.agrund.com\/wp-content\/uploads\/2013\/04\/a-temporada-de-moda-carioca-16.jpg?resize=480%2C722\" width=\"480\" height=\"722\" data-recalc-dims=\"1\" \/><\/a><p id=\"caption-attachment-70303\" class=\"wp-caption-text\">A Temporada de Moda Carioca<\/p><\/div>\n<div id=\"attachment_70304\" style=\"width: 490px\" class=\"wp-caption aligncenter\"><a href=\"https:\/\/i0.wp.com\/www.agrund.com\/wp-content\/uploads\/2013\/04\/a-temporada-de-moda-carioca-17.jpg\"><img aria-describedby=\"caption-attachment-70304\" decoding=\"async\" loading=\"lazy\" class=\"size-full wp-image-70304\" alt=\"A Temporada de Moda Carioca\" src=\"https:\/\/i0.wp.com\/www.agrund.com\/wp-content\/uploads\/2013\/04\/a-temporada-de-moda-carioca-17.jpg?resize=480%2C722\" width=\"480\" height=\"722\" data-recalc-dims=\"1\" \/><\/a><p id=\"caption-attachment-70304\" class=\"wp-caption-text\">A Temporada de Moda Carioca<\/p><\/div>\n<p><a href=\"https:\/\/i0.wp.com\/www.agrund.com\/wp-content\/uploads\/2013\/04\/a-temporada-de-moda-carioca-18.jpg\"><img decoding=\"async\" loading=\"lazy\" class=\"aligncenter size-full wp-image-70305\" alt=\"a-temporada-de-moda-carioca (18)\" src=\"https:\/\/i0.wp.com\/www.agrund.com\/wp-content\/uploads\/2013\/04\/a-temporada-de-moda-carioca-18.jpg?resize=480%2C722\" width=\"480\" height=\"722\" data-recalc-dims=\"1\" \/><\/a><\/p>\n<div id=\"attachment_70306\" style=\"width: 490px\" class=\"wp-caption aligncenter\"><a href=\"https:\/\/i0.wp.com\/www.agrund.com\/wp-content\/uploads\/2013\/04\/a-temporada-de-moda-carioca-19.jpg\"><img aria-describedby=\"caption-attachment-70306\" decoding=\"async\" loading=\"lazy\" class=\"size-full wp-image-70306\" alt=\"A Temporada de Moda CariocaA Temporada de Moda Carioca\" src=\"https:\/\/i0.wp.com\/www.agrund.com\/wp-content\/uploads\/2013\/04\/a-temporada-de-moda-carioca-19.jpg?resize=480%2C723\" width=\"480\" height=\"723\" data-recalc-dims=\"1\" \/><\/a><p id=\"caption-attachment-70306\" class=\"wp-caption-text\">A Temporada de Moda CariocaA Temporada de Moda Carioca<\/p><\/div>\n<\/div>\n<div><\/div>\n<div>Fotos SPFW: Andr\u00e9 Arthur \/ Fashion Rio: Divulga\u00e7\u00e3o.<\/div>\n","protected":false},"excerpt":{"rendered":"<p>O Rio de Janeiro literalmente ferveu durante os dias 15 e 19 de abril. O Fashion Rio, evento que marca os lan\u00e7amentos na temporada de moda carioca, trouxe tamb\u00e9m muita informa\u00e7\u00e3o para os homens. O legal \u00e9 que muitas tend\u00eancias que a princ\u00edpio ficariam restritas aos closets femininos, invadem de vez o vestu\u00e1rio dos homens. [&hellip;]<\/p>\n","protected":false},"author":8,"featured_media":70307,"comment_status":"open","ping_status":"open","sticky":false,"template":"","format":"standard","meta":{"jetpack_post_was_ever_published":false,"_jetpack_newsletter_access":"","jetpack_publicize_message":"","jetpack_is_tweetstorm":false,"jetpack_publicize_feature_enabled":true,"jetpack_social_post_already_shared":true,"jetpack_social_options":{"image_generator_settings":{"template":"highway","enabled":false}}},"categories":[6],"tags":[],"jetpack_publicize_connections":[],"jetpack_featured_media_url":"","jetpack_sharing_enabled":true,"jetpack_shortlink":"https:\/\/wp.me\/p3Hz0n-ihv","jetpack_likes_enabled":true,"_links":{"self":[{"href":"https:\/\/agrund.com\/index.php\/wp-json\/wp\/v2\/posts\/70277"}],"collection":[{"href":"https:\/\/agrund.com\/index.php\/wp-json\/wp\/v2\/posts"}],"about":[{"href":"https:\/\/agrund.com\/index.php\/wp-json\/wp\/v2\/types\/post"}],"author":[{"embeddable":true,"href":"https:\/\/agrund.com\/index.php\/wp-json\/wp\/v2\/users\/8"}],"replies":[{"embeddable":true,"href":"https:\/\/agrund.com\/index.php\/wp-json\/wp\/v2\/comments?post=70277"}],"version-history":[{"count":0,"href":"https:\/\/agrund.com\/index.php\/wp-json\/wp\/v2\/posts\/70277\/revisions"}],"wp:featuredmedia":[{"embeddable":true,"href":"https:\/\/agrund.com\/index.php\/wp-json\/"}],"wp:attachment":[{"href":"https:\/\/agrund.com\/index.php\/wp-json\/wp\/v2\/media?parent=70277"}],"wp:term":[{"taxonomy":"category","embeddable":true,"href":"https:\/\/agrund.com\/index.php\/wp-json\/wp\/v2\/categories?post=70277"},{"taxonomy":"post_tag","embeddable":true,"href":"https:\/\/agrund.com\/index.php\/wp-json\/wp\/v2\/tags?post=70277"}],"curies":[{"name":"wp","href":"https:\/\/api.w.org\/{rel}","templated":true}]}}