{"id":70180,"date":"2013-04-26T15:00:17","date_gmt":"2013-04-26T18:00:17","guid":{"rendered":"http:\/\/www.agrund.com\/?p=70180"},"modified":"2013-04-26T15:00:17","modified_gmt":"2013-04-26T18:00:17","slug":"pedras-preciosas-sao-inspiracoes-para-a-mac","status":"publish","type":"post","link":"https:\/\/agrund.com\/index.php\/pedras-preciosas-sao-inspiracoes-para-a-mac\/","title":{"rendered":"Pedras preciosas s\u00e3o inspira\u00e7\u00f5es para a MAC"},"content":{"rendered":"<p>A MAC se inspirou nas cores de pedras preciosas para o seu Ver\u00e3o 2013. Chamada Art Of The Eyes, a linha tem como destaque as palettes nas cores azul e cinza, e bege e marrom, e cinco cores de sombras unit\u00e1rias. Tudo em tons vibrantes, bem ver\u00e3o. A data prevista para os produtos chegarem \u00e0s prateleiras \u00e9 no in\u00edcio do m\u00eas de maio nos Estados Unidos e para o Brasil ainda n\u00e3o h\u00e1 previs\u00e3o. Confira imagens da campanha:<\/p>\n<div id=\"attachment_70181\" style=\"width: 510px\" class=\"wp-caption aligncenter\"><a href=\"https:\/\/i0.wp.com\/www.agrund.com\/wp-content\/uploads\/2013\/04\/pedras-preciosas-sao-inspiracoes-para-a-mac-1.jpg\"><img aria-describedby=\"caption-attachment-70181\" decoding=\"async\" loading=\"lazy\" class=\"size-full wp-image-70181\" alt=\"Pedras preciosas s\u00e3o inspira\u00e7\u00f5es para a MAC\" src=\"https:\/\/i0.wp.com\/www.agrund.com\/wp-content\/uploads\/2013\/04\/pedras-preciosas-sao-inspiracoes-para-a-mac-1.jpg?resize=500%2C498\" width=\"500\" height=\"498\" data-recalc-dims=\"1\" \/><\/a><p id=\"caption-attachment-70181\" class=\"wp-caption-text\">Pedras preciosas s\u00e3o inspira\u00e7\u00f5es para a MAC<\/p><\/div>\n<div id=\"attachment_70182\" style=\"width: 510px\" class=\"wp-caption aligncenter\"><a href=\"https:\/\/i0.wp.com\/www.agrund.com\/wp-content\/uploads\/2013\/04\/pedras-preciosas-sao-inspiracoes-para-a-mac-2.jpg\"><img aria-describedby=\"caption-attachment-70182\" decoding=\"async\" loading=\"lazy\" class=\"size-full wp-image-70182\" alt=\"Pedras preciosas s\u00e3o inspira\u00e7\u00f5es para a MAC\" src=\"https:\/\/i0.wp.com\/www.agrund.com\/wp-content\/uploads\/2013\/04\/pedras-preciosas-sao-inspiracoes-para-a-mac-2.jpg?resize=500%2C559\" width=\"500\" height=\"559\" data-recalc-dims=\"1\" \/><\/a><p id=\"caption-attachment-70182\" class=\"wp-caption-text\">Pedras preciosas s\u00e3o inspira\u00e7\u00f5es para a MAC<\/p><\/div>\n<p>Imagens: Reprodu\u00e7\u00e3o.<\/p>\n","protected":false},"excerpt":{"rendered":"<p>A MAC se inspirou nas cores de pedras preciosas para o seu Ver\u00e3o 2013. Chamada Art Of The Eyes, a linha tem como destaque as palettes nas cores azul e cinza, e bege e marrom, e cinco cores de sombras unit\u00e1rias. Tudo em tons vibrantes, bem ver\u00e3o. A data prevista para os produtos chegarem \u00e0s [&hellip;]<\/p>\n","protected":false},"author":8,"featured_media":70183,"comment_status":"open","ping_status":"open","sticky":false,"template":"","format":"standard","meta":{"jetpack_post_was_ever_published":false,"_jetpack_newsletter_access":"","jetpack_publicize_message":"","jetpack_is_tweetstorm":false,"jetpack_publicize_feature_enabled":true,"jetpack_social_post_already_shared":true,"jetpack_social_options":{"image_generator_settings":{"template":"highway","enabled":false}}},"categories":[2],"tags":[],"jetpack_publicize_connections":[],"jetpack_featured_media_url":"","jetpack_sharing_enabled":true,"jetpack_shortlink":"https:\/\/wp.me\/p3Hz0n-ifW","jetpack_likes_enabled":true,"_links":{"self":[{"href":"https:\/\/agrund.com\/index.php\/wp-json\/wp\/v2\/posts\/70180"}],"collection":[{"href":"https:\/\/agrund.com\/index.php\/wp-json\/wp\/v2\/posts"}],"about":[{"href":"https:\/\/agrund.com\/index.php\/wp-json\/wp\/v2\/types\/post"}],"author":[{"embeddable":true,"href":"https:\/\/agrund.com\/index.php\/wp-json\/wp\/v2\/users\/8"}],"replies":[{"embeddable":true,"href":"https:\/\/agrund.com\/index.php\/wp-json\/wp\/v2\/comments?post=70180"}],"version-history":[{"count":0,"href":"https:\/\/agrund.com\/index.php\/wp-json\/wp\/v2\/posts\/70180\/revisions"}],"wp:featuredmedia":[{"embeddable":true,"href":"https:\/\/agrund.com\/index.php\/wp-json\/"}],"wp:attachment":[{"href":"https:\/\/agrund.com\/index.php\/wp-json\/wp\/v2\/media?parent=70180"}],"wp:term":[{"taxonomy":"category","embeddable":true,"href":"https:\/\/agrund.com\/index.php\/wp-json\/wp\/v2\/categories?post=70180"},{"taxonomy":"post_tag","embeddable":true,"href":"https:\/\/agrund.com\/index.php\/wp-json\/wp\/v2\/tags?post=70180"}],"curies":[{"name":"wp","href":"https:\/\/api.w.org\/{rel}","templated":true}]}}