{"id":69975,"date":"2013-04-24T17:30:59","date_gmt":"2013-04-24T20:30:59","guid":{"rendered":"http:\/\/www.agrund.com\/?p=69975"},"modified":"2013-04-24T17:30:59","modified_gmt":"2013-04-24T20:30:59","slug":"melissa-e-forever-21-lancam-colecao-capsula","status":"publish","type":"post","link":"https:\/\/agrund.com\/index.php\/melissa-e-forever-21-lancam-colecao-capsula\/","title":{"rendered":"Melissa e Forever 21 lan\u00e7am cole\u00e7\u00e3o c\u00e1psula"},"content":{"rendered":"<p>A Melissa acaba de anunciar sua mais nova parceria que promete repetir o sucesso das anteriores. A Mel, segunda linha da marca que \u00e9 voltada exclusivamente para o mercado internacional, ir\u00e1 lan\u00e7ar um cole\u00e7\u00e3o c\u00e1psula com a Forever 21! Ser\u00e3o seis modelos entre rasteirinhas e sapatilhas com pre\u00e7os a partir de US$ 20 e que ser\u00e3o vendidos nas lojas de ambas as marcas. Confira:<\/p>\n<div id=\"attachment_70014\" style=\"width: 510px\" class=\"wp-caption aligncenter\"><a href=\"https:\/\/i0.wp.com\/www.agrund.com\/wp-content\/uploads\/2013\/04\/melissa-2.jpg\"><img aria-describedby=\"caption-attachment-70014\" decoding=\"async\" loading=\"lazy\" class=\"size-full wp-image-70014\" alt=\"Melissa e Forever 21 lan\u00e7am cole\u00e7\u00e3o c\u00e1psula \" src=\"https:\/\/i0.wp.com\/www.agrund.com\/wp-content\/uploads\/2013\/04\/melissa-2.jpg?resize=500%2C332\" width=\"500\" height=\"332\" data-recalc-dims=\"1\" \/><\/a><p id=\"caption-attachment-70014\" class=\"wp-caption-text\">Melissa e Forever 21 lan\u00e7am cole\u00e7\u00e3o c\u00e1psula<\/p><\/div>\n<div id=\"attachment_70015\" style=\"width: 510px\" class=\"wp-caption aligncenter\"><a href=\"https:\/\/i0.wp.com\/www.agrund.com\/wp-content\/uploads\/2013\/04\/melissa.jpg\"><img aria-describedby=\"caption-attachment-70015\" decoding=\"async\" loading=\"lazy\" class=\"size-full wp-image-70015\" alt=\"Melissa e Forever 21 lan\u00e7am cole\u00e7\u00e3o c\u00e1psula \" src=\"https:\/\/i0.wp.com\/www.agrund.com\/wp-content\/uploads\/2013\/04\/melissa.jpg?resize=500%2C284\" width=\"500\" height=\"284\" data-recalc-dims=\"1\" \/><\/a><p id=\"caption-attachment-70015\" class=\"wp-caption-text\">Melissa e Forever 21 lan\u00e7am cole\u00e7\u00e3o c\u00e1psula<\/p><\/div>\n<p>Imagem: Reprodu\u00e7\u00e3o.<\/p>\n","protected":false},"excerpt":{"rendered":"<p>A Melissa acaba de anunciar sua mais nova parceria que promete repetir o sucesso das anteriores. A Mel, segunda linha da marca que \u00e9 voltada exclusivamente para o mercado internacional, ir\u00e1 lan\u00e7ar um cole\u00e7\u00e3o c\u00e1psula com a Forever 21! Ser\u00e3o seis modelos entre rasteirinhas e sapatilhas com pre\u00e7os a partir de US$ 20 e que [&hellip;]<\/p>\n","protected":false},"author":8,"featured_media":69987,"comment_status":"open","ping_status":"open","sticky":false,"template":"","format":"standard","meta":{"jetpack_post_was_ever_published":false,"_jetpack_newsletter_access":"","jetpack_publicize_message":"","jetpack_is_tweetstorm":false,"jetpack_publicize_feature_enabled":true,"jetpack_social_post_already_shared":true,"jetpack_social_options":{"image_generator_settings":{"template":"highway","enabled":false}}},"categories":[2],"tags":[],"jetpack_publicize_connections":[],"jetpack_featured_media_url":"","jetpack_sharing_enabled":true,"jetpack_shortlink":"https:\/\/wp.me\/p3Hz0n-icD","jetpack_likes_enabled":true,"_links":{"self":[{"href":"https:\/\/agrund.com\/index.php\/wp-json\/wp\/v2\/posts\/69975"}],"collection":[{"href":"https:\/\/agrund.com\/index.php\/wp-json\/wp\/v2\/posts"}],"about":[{"href":"https:\/\/agrund.com\/index.php\/wp-json\/wp\/v2\/types\/post"}],"author":[{"embeddable":true,"href":"https:\/\/agrund.com\/index.php\/wp-json\/wp\/v2\/users\/8"}],"replies":[{"embeddable":true,"href":"https:\/\/agrund.com\/index.php\/wp-json\/wp\/v2\/comments?post=69975"}],"version-history":[{"count":0,"href":"https:\/\/agrund.com\/index.php\/wp-json\/wp\/v2\/posts\/69975\/revisions"}],"wp:featuredmedia":[{"embeddable":true,"href":"https:\/\/agrund.com\/index.php\/wp-json\/"}],"wp:attachment":[{"href":"https:\/\/agrund.com\/index.php\/wp-json\/wp\/v2\/media?parent=69975"}],"wp:term":[{"taxonomy":"category","embeddable":true,"href":"https:\/\/agrund.com\/index.php\/wp-json\/wp\/v2\/categories?post=69975"},{"taxonomy":"post_tag","embeddable":true,"href":"https:\/\/agrund.com\/index.php\/wp-json\/wp\/v2\/tags?post=69975"}],"curies":[{"name":"wp","href":"https:\/\/api.w.org\/{rel}","templated":true}]}}