{"id":69914,"date":"2013-04-22T20:00:05","date_gmt":"2013-04-22T23:00:05","guid":{"rendered":"http:\/\/www.agrund.com\/?p=69638"},"modified":"2013-04-22T20:00:05","modified_gmt":"2013-04-22T23:00:05","slug":"estilo-adam-levine","status":"publish","type":"post","link":"https:\/\/agrund.com\/index.php\/estilo-adam-levine\/","title":{"rendered":"Estilo Adam Levine"},"content":{"rendered":"<p style=\"text-align: right\">Por Danilo Prado<\/p>\n<p>O vocalista do Maroon 5 adora um estilo despojado e elegante. Adam Levine\u00a0tem como ponto forte na produ\u00e7\u00e3o o jeans skinny combinado a outras pe\u00e7as mais refinadas. Camisas xadrez, t-shirt molenga ou decote v ficam perfeitamente em harmonia com as cal\u00e7as que ele tanto gosta. Nos looks de street style, o cantor adora usar um bom par de sapatos ou botas que servem como curingas da produ\u00e7\u00e3o.<br \/>\nEntre os favoritos do cantor, o coturno favorece sua silhueta como no look com camiseta e cal\u00e7a lisa usados em fevereiro. Em outra oportunidade, a cal\u00e7a de l\u00e3 ganha bonito contraste ao casaco azul marinho. Em janeiro, Adam apostou em uma jaqueta xadrez, t shirt de gola careca, cal\u00e7a skinny e \u00f3culos estilo esportivo com lentes degrad\u00ea. Tamb\u00e9m sobra espa\u00e7o para uma confort\u00e1vel blusa de moletom, jeans e botas usadas at\u00e9 na praia. O inverno americano pede uma produ\u00e7\u00e3o mais refinada e em janeiro Adam escolheu um casaco de tric\u00f4, t-shirt b\u00e1sica, cal\u00e7a lisa e o item surpresa ficou por conta de um bon\u00e9 discreto. Inspire-se!<\/p>\n<div id=\"attachment_69639\" style=\"width: 460px\" class=\"wp-caption aligncenter\"><a href=\"https:\/\/i0.wp.com\/www.agrund.com\/wp-content\/uploads\/2013\/04\/estilo-adam-lavigne-1.jpg\"><img aria-describedby=\"caption-attachment-69639\" decoding=\"async\" loading=\"lazy\" class=\"size-full wp-image-69639 \" alt=\"Estilo Adam Levine\" src=\"https:\/\/i0.wp.com\/www.agrund.com\/wp-content\/uploads\/2013\/04\/estilo-adam-lavigne-1.jpg?resize=450%2C692\" width=\"450\" height=\"692\" data-recalc-dims=\"1\" \/><\/a><p id=\"caption-attachment-69639\" class=\"wp-caption-text\">Estilo Adam Levine<\/p><\/div>\n<div id=\"attachment_69640\" style=\"width: 460px\" class=\"wp-caption aligncenter\"><a href=\"https:\/\/i0.wp.com\/www.agrund.com\/wp-content\/uploads\/2013\/04\/estilo-adam-lavigne-2.jpg\"><img aria-describedby=\"caption-attachment-69640\" decoding=\"async\" loading=\"lazy\" class=\"size-full wp-image-69640 \" alt=\"Estilo Adam Levine\" src=\"https:\/\/i0.wp.com\/www.agrund.com\/wp-content\/uploads\/2013\/04\/estilo-adam-lavigne-2.jpg?resize=450%2C631\" width=\"450\" height=\"631\" data-recalc-dims=\"1\" \/><\/a><p id=\"caption-attachment-69640\" class=\"wp-caption-text\">Estilo Adam Levine<\/p><\/div>\n<div id=\"attachment_69641\" style=\"width: 460px\" class=\"wp-caption aligncenter\"><a href=\"https:\/\/i0.wp.com\/www.agrund.com\/wp-content\/uploads\/2013\/04\/estilo-adam-lavigne-3.jpg\"><img aria-describedby=\"caption-attachment-69641\" decoding=\"async\" loading=\"lazy\" class=\"size-full wp-image-69641 \" alt=\"Estilo Adam Levine\" src=\"https:\/\/i0.wp.com\/www.agrund.com\/wp-content\/uploads\/2013\/04\/estilo-adam-lavigne-3.jpg?resize=450%2C679\" width=\"450\" height=\"679\" data-recalc-dims=\"1\" \/><\/a><p id=\"caption-attachment-69641\" class=\"wp-caption-text\">Estilo Adam Levine<\/p><\/div>\n<div id=\"attachment_69642\" style=\"width: 460px\" class=\"wp-caption aligncenter\"><a href=\"https:\/\/i0.wp.com\/www.agrund.com\/wp-content\/uploads\/2013\/04\/estilo-adam-lavigne-4.jpg\"><img aria-describedby=\"caption-attachment-69642\" decoding=\"async\" loading=\"lazy\" class=\"size-full wp-image-69642 \" alt=\"Estilo AAdam Levine\" src=\"https:\/\/i0.wp.com\/www.agrund.com\/wp-content\/uploads\/2013\/04\/estilo-adam-lavigne-4.jpg?resize=450%2C597\" width=\"450\" height=\"597\" data-recalc-dims=\"1\" \/><\/a><p id=\"caption-attachment-69642\" class=\"wp-caption-text\">Estilo Adam Levine<\/p><\/div>\n<p>Imagens: Reprodu\u00e7\u00e3o.<\/p>\n","protected":false},"excerpt":{"rendered":"<p>Por Danilo Prado O vocalista do Maroon 5 adora um estilo despojado e elegante. Adam Levine\u00a0tem como ponto forte na produ\u00e7\u00e3o o jeans skinny combinado a outras pe\u00e7as mais refinadas. Camisas xadrez, t-shirt molenga ou decote v ficam perfeitamente em harmonia com as cal\u00e7as que ele tanto gosta. Nos looks de street style, o cantor [&hellip;]<\/p>\n","protected":false},"author":8,"featured_media":69643,"comment_status":"open","ping_status":"open","sticky":false,"template":"","format":"standard","meta":{"jetpack_post_was_ever_published":false,"_jetpack_newsletter_access":"","jetpack_publicize_message":"","jetpack_is_tweetstorm":false,"jetpack_publicize_feature_enabled":true,"jetpack_social_post_already_shared":true,"jetpack_social_options":{"image_generator_settings":{"template":"highway","enabled":false}}},"categories":[6],"tags":[],"jetpack_publicize_connections":[],"jetpack_featured_media_url":"","jetpack_sharing_enabled":true,"jetpack_shortlink":"https:\/\/wp.me\/p3Hz0n-ibE","jetpack_likes_enabled":true,"_links":{"self":[{"href":"https:\/\/agrund.com\/index.php\/wp-json\/wp\/v2\/posts\/69914"}],"collection":[{"href":"https:\/\/agrund.com\/index.php\/wp-json\/wp\/v2\/posts"}],"about":[{"href":"https:\/\/agrund.com\/index.php\/wp-json\/wp\/v2\/types\/post"}],"author":[{"embeddable":true,"href":"https:\/\/agrund.com\/index.php\/wp-json\/wp\/v2\/users\/8"}],"replies":[{"embeddable":true,"href":"https:\/\/agrund.com\/index.php\/wp-json\/wp\/v2\/comments?post=69914"}],"version-history":[{"count":0,"href":"https:\/\/agrund.com\/index.php\/wp-json\/wp\/v2\/posts\/69914\/revisions"}],"wp:featuredmedia":[{"embeddable":true,"href":"https:\/\/agrund.com\/index.php\/wp-json\/"}],"wp:attachment":[{"href":"https:\/\/agrund.com\/index.php\/wp-json\/wp\/v2\/media?parent=69914"}],"wp:term":[{"taxonomy":"category","embeddable":true,"href":"https:\/\/agrund.com\/index.php\/wp-json\/wp\/v2\/categories?post=69914"},{"taxonomy":"post_tag","embeddable":true,"href":"https:\/\/agrund.com\/index.php\/wp-json\/wp\/v2\/tags?post=69914"}],"curies":[{"name":"wp","href":"https:\/\/api.w.org\/{rel}","templated":true}]}}