{"id":69783,"date":"2013-04-23T20:00:05","date_gmt":"2013-04-23T23:00:05","guid":{"rendered":"http:\/\/www.agrund.com\/?p=69783"},"modified":"2013-04-23T20:00:05","modified_gmt":"2013-04-23T23:00:05","slug":"campanha-yogini-lanca-colecao-naturalis","status":"publish","type":"post","link":"https:\/\/agrund.com\/index.php\/campanha-yogini-lanca-colecao-naturalis\/","title":{"rendered":"Campanha ::  Yogini  lan\u00e7a cole\u00e7\u00e3o Naturalis"},"content":{"rendered":"<p>A Yogini acaba de revelar parte de sua cole\u00e7\u00e3o de Inverno 2013, a Naturalis. A modelo Mariana Almeida foi fotografada por Karine Bas\u00edlio na Vila Cambaco, em Tatu\u00ed, que abriga um dos maiores lagos de flor de l\u00f3tus rosa do pa\u00eds.<br \/>\nEm uma das imagens, Mariana fez a postura da \u00e1rvore como um agradecimento \u00e0 fonte natural das fibras do bambu, da casca da faia e do algod\u00e3o que d\u00e3o origem aos tecidos suaves da marca idealizada por Regina Zimmermann. Confira:<\/p>\n<p>&nbsp;<\/p>\n<div id=\"attachment_69786\" style=\"width: 510px\" class=\"wp-caption aligncenter\"><a href=\"https:\/\/i0.wp.com\/www.agrund.com\/wp-content\/uploads\/2013\/04\/lotus-11.jpg\"><img aria-describedby=\"caption-attachment-69786\" decoding=\"async\" loading=\"lazy\" class=\"size-full wp-image-69786\" alt=\"Campanha ::  Yogini  lan\u00e7a cole\u00e7\u00e3o Naturalis\" src=\"https:\/\/i0.wp.com\/www.agrund.com\/wp-content\/uploads\/2013\/04\/lotus-11.jpg?resize=500%2C333\" width=\"500\" height=\"333\" data-recalc-dims=\"1\" \/><\/a><p id=\"caption-attachment-69786\" class=\"wp-caption-text\">Campanha :: Yogini lan\u00e7a cole\u00e7\u00e3o Naturalis<\/p><\/div>\n<div id=\"attachment_69787\" style=\"width: 510px\" class=\"wp-caption aligncenter\"><a href=\"https:\/\/i0.wp.com\/www.agrund.com\/wp-content\/uploads\/2013\/04\/lotus-2.jpg\"><img aria-describedby=\"caption-attachment-69787\" decoding=\"async\" loading=\"lazy\" class=\"size-full wp-image-69787\" alt=\"Campanha ::  Yogini  lan\u00e7a cole\u00e7\u00e3o Naturalis\" src=\"https:\/\/i0.wp.com\/www.agrund.com\/wp-content\/uploads\/2013\/04\/lotus-2.jpg?resize=500%2C334\" width=\"500\" height=\"334\" data-recalc-dims=\"1\" \/><\/a><p id=\"caption-attachment-69787\" class=\"wp-caption-text\">Campanha :: Yogini lan\u00e7a cole\u00e7\u00e3o Naturalis<\/p><\/div>\n<p>Imagens: Divulga\u00e7\u00e3o.<\/p>\n","protected":false},"excerpt":{"rendered":"<p>A Yogini acaba de revelar parte de sua cole\u00e7\u00e3o de Inverno 2013, a Naturalis. A modelo Mariana Almeida foi fotografada por Karine Bas\u00edlio na Vila Cambaco, em Tatu\u00ed, que abriga um dos maiores lagos de flor de l\u00f3tus rosa do pa\u00eds. Em uma das imagens, Mariana fez a postura da \u00e1rvore como um agradecimento \u00e0 [&hellip;]<\/p>\n","protected":false},"author":8,"featured_media":69788,"comment_status":"open","ping_status":"open","sticky":false,"template":"","format":"standard","meta":{"jetpack_post_was_ever_published":false,"_jetpack_newsletter_access":"","jetpack_publicize_message":"","jetpack_is_tweetstorm":false,"jetpack_publicize_feature_enabled":true,"jetpack_social_post_already_shared":true,"jetpack_social_options":{"image_generator_settings":{"template":"highway","enabled":false}}},"categories":[2],"tags":[],"jetpack_publicize_connections":[],"jetpack_featured_media_url":"","jetpack_sharing_enabled":true,"jetpack_shortlink":"https:\/\/wp.me\/p3Hz0n-i9x","jetpack_likes_enabled":true,"_links":{"self":[{"href":"https:\/\/agrund.com\/index.php\/wp-json\/wp\/v2\/posts\/69783"}],"collection":[{"href":"https:\/\/agrund.com\/index.php\/wp-json\/wp\/v2\/posts"}],"about":[{"href":"https:\/\/agrund.com\/index.php\/wp-json\/wp\/v2\/types\/post"}],"author":[{"embeddable":true,"href":"https:\/\/agrund.com\/index.php\/wp-json\/wp\/v2\/users\/8"}],"replies":[{"embeddable":true,"href":"https:\/\/agrund.com\/index.php\/wp-json\/wp\/v2\/comments?post=69783"}],"version-history":[{"count":0,"href":"https:\/\/agrund.com\/index.php\/wp-json\/wp\/v2\/posts\/69783\/revisions"}],"wp:featuredmedia":[{"embeddable":true,"href":"https:\/\/agrund.com\/index.php\/wp-json\/"}],"wp:attachment":[{"href":"https:\/\/agrund.com\/index.php\/wp-json\/wp\/v2\/media?parent=69783"}],"wp:term":[{"taxonomy":"category","embeddable":true,"href":"https:\/\/agrund.com\/index.php\/wp-json\/wp\/v2\/categories?post=69783"},{"taxonomy":"post_tag","embeddable":true,"href":"https:\/\/agrund.com\/index.php\/wp-json\/wp\/v2\/tags?post=69783"}],"curies":[{"name":"wp","href":"https:\/\/api.w.org\/{rel}","templated":true}]}}