{"id":69773,"date":"2013-04-23T18:00:36","date_gmt":"2013-04-23T21:00:36","guid":{"rendered":"http:\/\/www.agrund.com\/?p=69773"},"modified":"2013-04-23T20:42:24","modified_gmt":"2013-04-23T23:42:24","slug":"celebridades-estrelam-video-da-campanha-chime-for-change","status":"publish","type":"post","link":"https:\/\/agrund.com\/index.php\/celebridades-estrelam-video-da-campanha-chime-for-change\/","title":{"rendered":"Celebridades estrelam v\u00eddeo da campanha &#8216;Chime for Change&#8217;"},"content":{"rendered":"<p>A campanha da Gucci \u2018Chime for Change\u2019, que j\u00e1 contamos <a href=\"http:\/\/www.agrund.com\/beyonce-estrela-campanha-da-gucci-em-prol-das-mulheres\/\">AQUI<\/a>, acaba de ganhar um v\u00eddeo cheio de depoimentos de v\u00e1rias celebridades que est\u00e3o apoiando a causa. Al\u00e9m de Beyonc\u00e9, que \u00e9 a diretora art\u00edstica da campanha, Zoe Saldana, Salma Hayek, Freida Pinto, Olivia Wilde, Blake Lively, Halle Berry e Katy Perry s\u00e3o algumas das mulheres que est\u00e3o apoiando a causa.<\/p>\n<p>Como tamb\u00e9m j\u00e1 contamos, a campanha contar\u00e1 com um show para arrecadar fundos para as organiza\u00e7\u00f5es em prote\u00e7\u00e3o \u00e0 mulher no dia 1\u00ba de junho no est\u00e1dio de London\u2019s Twickenham, em Londres. Florence + the Machine, Rita Ora, Laura Pausini, Timbaland e a pr\u00f3pria Beyonc\u00e9 s\u00e3o as atra\u00e7\u00f5es confirmadas.<\/p>\n<p><span class=\"embed-youtube\" style=\"text-align:center; display: block;\"><iframe loading=\"lazy\" class=\"youtube-player\" width=\"640\" height=\"360\" src=\"https:\/\/www.youtube.com\/embed\/5_HP4nV3K3c?version=3&#038;rel=1&#038;showsearch=0&#038;showinfo=1&#038;iv_load_policy=1&#038;fs=1&#038;hl=pt-BR&#038;autohide=2&#038;wmode=transparent\" allowfullscreen=\"true\" style=\"border:0;\" sandbox=\"allow-scripts allow-same-origin allow-popups allow-presentation\"><\/iframe><\/span><\/p>\n<div id=\"attachment_69774\" style=\"width: 550px\" class=\"wp-caption aligncenter\"><a href=\"https:\/\/i0.wp.com\/www.agrund.com\/wp-content\/uploads\/2013\/04\/celebridades-estrelam-video-da-campanha-chime-for-change.jpg\"><img aria-describedby=\"caption-attachment-69774\" decoding=\"async\" loading=\"lazy\" class=\" wp-image-69774 \" alt=\"Celebridades estrelam v\u00eddeo da campanha 'Chime for Change'\" src=\"https:\/\/i0.wp.com\/www.agrund.com\/wp-content\/uploads\/2013\/04\/celebridades-estrelam-video-da-campanha-chime-for-change.jpg?resize=540%2C289\" width=\"540\" height=\"289\" data-recalc-dims=\"1\" \/><\/a><p id=\"caption-attachment-69774\" class=\"wp-caption-text\">Celebridades estrelam v\u00eddeo da campanha &#8216;Chime for Change&#8217;<\/p><\/div>\n<p>Imagem e V\u00eddeo: Reprodu\u00e7\u00e3o.<\/p>\n","protected":false},"excerpt":{"rendered":"<p>A campanha da Gucci \u2018Chime for Change\u2019, que j\u00e1 contamos AQUI, acaba de ganhar um v\u00eddeo cheio de depoimentos de v\u00e1rias celebridades que est\u00e3o apoiando a causa. Al\u00e9m de Beyonc\u00e9, que \u00e9 a diretora art\u00edstica da campanha, Zoe Saldana, Salma Hayek, Freida Pinto, Olivia Wilde, Blake Lively, Halle Berry e Katy Perry s\u00e3o algumas das [&hellip;]<\/p>\n","protected":false},"author":8,"featured_media":69854,"comment_status":"open","ping_status":"open","sticky":false,"template":"","format":"standard","meta":{"jetpack_post_was_ever_published":false,"_jetpack_newsletter_access":"","jetpack_publicize_message":"","jetpack_is_tweetstorm":false,"jetpack_publicize_feature_enabled":true,"jetpack_social_post_already_shared":true,"jetpack_social_options":{"image_generator_settings":{"template":"highway","enabled":false}}},"categories":[2],"tags":[],"jetpack_publicize_connections":[],"jetpack_featured_media_url":"https:\/\/i0.wp.com\/agrund.com\/wp-content\/uploads\/sites\/6\/2013\/04\/slide-novo-campanha.jpg?fit=940%2C300&ssl=1","jetpack_sharing_enabled":true,"jetpack_shortlink":"https:\/\/wp.me\/p3Hz0n-i9n","jetpack_likes_enabled":true,"_links":{"self":[{"href":"https:\/\/agrund.com\/index.php\/wp-json\/wp\/v2\/posts\/69773"}],"collection":[{"href":"https:\/\/agrund.com\/index.php\/wp-json\/wp\/v2\/posts"}],"about":[{"href":"https:\/\/agrund.com\/index.php\/wp-json\/wp\/v2\/types\/post"}],"author":[{"embeddable":true,"href":"https:\/\/agrund.com\/index.php\/wp-json\/wp\/v2\/users\/8"}],"replies":[{"embeddable":true,"href":"https:\/\/agrund.com\/index.php\/wp-json\/wp\/v2\/comments?post=69773"}],"version-history":[{"count":0,"href":"https:\/\/agrund.com\/index.php\/wp-json\/wp\/v2\/posts\/69773\/revisions"}],"wp:featuredmedia":[{"embeddable":true,"href":"https:\/\/agrund.com\/index.php\/wp-json\/wp\/v2\/media\/69854"}],"wp:attachment":[{"href":"https:\/\/agrund.com\/index.php\/wp-json\/wp\/v2\/media?parent=69773"}],"wp:term":[{"taxonomy":"category","embeddable":true,"href":"https:\/\/agrund.com\/index.php\/wp-json\/wp\/v2\/categories?post=69773"},{"taxonomy":"post_tag","embeddable":true,"href":"https:\/\/agrund.com\/index.php\/wp-json\/wp\/v2\/tags?post=69773"}],"curies":[{"name":"wp","href":"https:\/\/api.w.org\/{rel}","templated":true}]}}