{"id":69691,"date":"2013-04-22T17:30:03","date_gmt":"2013-04-22T20:30:03","guid":{"rendered":"http:\/\/www.agrund.com\/?p=69691"},"modified":"2013-04-22T17:30:03","modified_gmt":"2013-04-22T20:30:03","slug":"casa-de-criadores-cravo-canela-calca-a-india-contemporanea-de-arnaldo-ventura","status":"publish","type":"post","link":"https:\/\/agrund.com\/index.php\/casa-de-criadores-cravo-canela-calca-a-india-contemporanea-de-arnaldo-ventura\/","title":{"rendered":"Casa de Criadores :: Cravo &amp; Canela cal\u00e7a a \u00edndia contempor\u00e2nea de Arnaldo Ventura"},"content":{"rendered":"<p>A marca de cal\u00e7ados femininos Cravo &amp; Canela firmou parceria com o estilista Arnaldo Ventura para apresentar modelo exclusivo no desfile da 33\u00aa edi\u00e7\u00e3o da Casa de Criadores Ver\u00e3o 2014, no dia 23 de abril.<br \/>\nO modelo comp\u00f5e com irrever\u00eancia e atitude os looks do designer que foram inspirados no universo ind\u00edgena brasileiro. O cal\u00e7ado faz parte da cole\u00e7\u00e3o de inverno 2013 da marca e j\u00e1 est\u00e1 dispon\u00edvel nas lojas.<\/p>\n<div id=\"attachment_69692\" style=\"width: 441px\" class=\"wp-caption aligncenter\"><a href=\"https:\/\/i0.wp.com\/www.agrund.com\/wp-content\/uploads\/2013\/04\/Cravo-e-Canela.jpg\"><img aria-describedby=\"caption-attachment-69692\" decoding=\"async\" loading=\"lazy\" class=\" wp-image-69692 \" alt=\"Casa de Criadores :: Cravo &amp; Canela cal\u00e7a a \u00edndia contempor\u00e2nea de Arnaldo Ventura \" src=\"https:\/\/i0.wp.com\/www.agrund.com\/wp-content\/uploads\/2013\/04\/Cravo-e-Canela.jpg?resize=431%2C461\" width=\"431\" height=\"461\" data-recalc-dims=\"1\" \/><\/a><p id=\"caption-attachment-69692\" class=\"wp-caption-text\">Casa de Criadores :: Cravo &amp; Canela cal\u00e7a a \u00edndia contempor\u00e2nea de Arnaldo Ventura<\/p><\/div>\n<p>Imagem: Divulga\u00e7\u00e3o.<\/p>\n","protected":false},"excerpt":{"rendered":"<p>A marca de cal\u00e7ados femininos Cravo &amp; Canela firmou parceria com o estilista Arnaldo Ventura para apresentar modelo exclusivo no desfile da 33\u00aa edi\u00e7\u00e3o da Casa de Criadores Ver\u00e3o 2014, no dia 23 de abril. O modelo comp\u00f5e com irrever\u00eancia e atitude os looks do designer que foram inspirados no universo ind\u00edgena brasileiro. O cal\u00e7ado [&hellip;]<\/p>\n","protected":false},"author":8,"featured_media":69693,"comment_status":"open","ping_status":"open","sticky":false,"template":"","format":"standard","meta":{"jetpack_post_was_ever_published":false,"_jetpack_newsletter_access":"","jetpack_publicize_message":"","jetpack_is_tweetstorm":false,"jetpack_publicize_feature_enabled":true,"jetpack_social_post_already_shared":true,"jetpack_social_options":{"image_generator_settings":{"template":"highway","enabled":false}}},"categories":[2],"tags":[],"jetpack_publicize_connections":[],"jetpack_featured_media_url":"","jetpack_sharing_enabled":true,"jetpack_shortlink":"https:\/\/wp.me\/p3Hz0n-i83","jetpack_likes_enabled":true,"_links":{"self":[{"href":"https:\/\/agrund.com\/index.php\/wp-json\/wp\/v2\/posts\/69691"}],"collection":[{"href":"https:\/\/agrund.com\/index.php\/wp-json\/wp\/v2\/posts"}],"about":[{"href":"https:\/\/agrund.com\/index.php\/wp-json\/wp\/v2\/types\/post"}],"author":[{"embeddable":true,"href":"https:\/\/agrund.com\/index.php\/wp-json\/wp\/v2\/users\/8"}],"replies":[{"embeddable":true,"href":"https:\/\/agrund.com\/index.php\/wp-json\/wp\/v2\/comments?post=69691"}],"version-history":[{"count":0,"href":"https:\/\/agrund.com\/index.php\/wp-json\/wp\/v2\/posts\/69691\/revisions"}],"wp:featuredmedia":[{"embeddable":true,"href":"https:\/\/agrund.com\/index.php\/wp-json\/"}],"wp:attachment":[{"href":"https:\/\/agrund.com\/index.php\/wp-json\/wp\/v2\/media?parent=69691"}],"wp:term":[{"taxonomy":"category","embeddable":true,"href":"https:\/\/agrund.com\/index.php\/wp-json\/wp\/v2\/categories?post=69691"},{"taxonomy":"post_tag","embeddable":true,"href":"https:\/\/agrund.com\/index.php\/wp-json\/wp\/v2\/tags?post=69691"}],"curies":[{"name":"wp","href":"https:\/\/api.w.org\/{rel}","templated":true}]}}