{"id":6963,"date":"2011-03-24T09:54:16","date_gmt":"2011-03-24T12:54:16","guid":{"rendered":"http:\/\/www.agrund.com\/blogs\/notas\/?p=6963"},"modified":"2011-03-24T09:54:16","modified_gmt":"2011-03-24T12:54:16","slug":"rachel-bilsen-tietando-lagerfeld","status":"publish","type":"post","link":"https:\/\/agrund.com\/index.php\/rachel-bilsen-tietando-lagerfeld\/","title":{"rendered":"Rachel Bilson tietando Lagerfeld"},"content":{"rendered":"<p>A atriz, 29 anos, trabalhou com o kaiser da Chanel e seu modelo masculino queridinho, Baptiste Giabiconi , para um an\u00fancio. Mas ela s\u00f3 tinha olhos para Karl. Espertinha, n\u00e3o?<\/p>\n<p>&#8220;Aparentemente, ele \u00e9 um modelo de muito sucesso. Eu j\u00e1 tinha o visto em desfiles, ele est\u00e1 sempre com Karl. Ele \u00e9 muito doce tamb\u00e9m e, obviamente, lindo. Ele \u00e9 t\u00e3o jovem, tem apenas 21! Mas, tenho mais interesse em manter contato com Karl\u201d, admitiu Rachel em entrevista \u00e0 New York Magazine.<\/p>\n<p>A atriz tamb\u00e9m confessou que ela tietou tanto o estilista alem\u00e3o que ele deu seu bloco de notas de presente para ela!<\/p>\n<p>&#8220;Ele \u00e9 t\u00e3o engra\u00e7ado, ele estava escrevendo algo sobre o ensaio em um bloco de notas da Chanel. Da\u00ed ele perguntou: &#8216;Voc\u00ea quer isso?\u2019 E eu levei o bloco dal\u00ed t\u00e3o r\u00e1pido que ele riu de mim. Agora tenho um bloco de notas de Karl.\u201d<\/p>\n<p>&#8220;E minha amiga que estava comigo disse: &#8216;Eu posso pelo menos ter um peda\u00e7o de papel dele?\u2019 Eu disse: &#8216;Absolutamente n\u00e3o!\u2019.&#8221;<\/p>\n<p>\u00c9, ela provavelmente est\u00e1 atr\u00e1s de algo&#8230;e n\u00e3o \u00e9 uma longa amizade.<\/p>\n<p style=\"text-align: center\"><img decoding=\"async\" loading=\"lazy\" class=\"aligncenter size-full wp-image-6964\" src=\"\/wp-content\/uploads\/2011\/03\/1300902764-23-650x1000.jpg\" alt=\"\" width=\"455\" height=\"700\" \/><\/p>\n","protected":false},"excerpt":{"rendered":"<p>A atriz, 29 anos, trabalhou com o kaiser da Chanel e seu modelo masculino queridinho, Baptiste Giabiconi , para um an\u00fancio. Mas ela s\u00f3 tinha olhos para Karl. Espertinha, n\u00e3o? &#8220;Aparentemente, ele \u00e9 um modelo de muito sucesso. Eu j\u00e1 tinha o visto em desfiles, ele est\u00e1 sempre com Karl. Ele \u00e9 muito doce tamb\u00e9m [&hellip;]<\/p>\n","protected":false},"author":8,"featured_media":6964,"comment_status":"open","ping_status":"open","sticky":false,"template":"","format":"standard","meta":{"jetpack_post_was_ever_published":false,"_jetpack_newsletter_access":"","jetpack_publicize_message":"","jetpack_is_tweetstorm":false,"jetpack_publicize_feature_enabled":true,"jetpack_social_post_already_shared":false,"jetpack_social_options":{"image_generator_settings":{"template":"highway","enabled":false}}},"categories":[2],"tags":[],"jetpack_publicize_connections":[],"jetpack_featured_media_url":"","jetpack_sharing_enabled":true,"jetpack_shortlink":"https:\/\/wp.me\/p3Hz0n-1Oj","jetpack_likes_enabled":true,"_links":{"self":[{"href":"https:\/\/agrund.com\/index.php\/wp-json\/wp\/v2\/posts\/6963"}],"collection":[{"href":"https:\/\/agrund.com\/index.php\/wp-json\/wp\/v2\/posts"}],"about":[{"href":"https:\/\/agrund.com\/index.php\/wp-json\/wp\/v2\/types\/post"}],"author":[{"embeddable":true,"href":"https:\/\/agrund.com\/index.php\/wp-json\/wp\/v2\/users\/8"}],"replies":[{"embeddable":true,"href":"https:\/\/agrund.com\/index.php\/wp-json\/wp\/v2\/comments?post=6963"}],"version-history":[{"count":0,"href":"https:\/\/agrund.com\/index.php\/wp-json\/wp\/v2\/posts\/6963\/revisions"}],"wp:featuredmedia":[{"embeddable":true,"href":"https:\/\/agrund.com\/index.php\/wp-json\/"}],"wp:attachment":[{"href":"https:\/\/agrund.com\/index.php\/wp-json\/wp\/v2\/media?parent=6963"}],"wp:term":[{"taxonomy":"category","embeddable":true,"href":"https:\/\/agrund.com\/index.php\/wp-json\/wp\/v2\/categories?post=6963"},{"taxonomy":"post_tag","embeddable":true,"href":"https:\/\/agrund.com\/index.php\/wp-json\/wp\/v2\/tags?post=6963"}],"curies":[{"name":"wp","href":"https:\/\/api.w.org\/{rel}","templated":true}]}}