{"id":69627,"date":"2013-04-22T19:00:18","date_gmt":"2013-04-22T22:00:18","guid":{"rendered":"http:\/\/www.agrund.com\/?p=69627"},"modified":"2013-04-22T19:00:18","modified_gmt":"2013-04-22T22:00:18","slug":"robert-downey-jr-na-capa-da-gq-americana","status":"publish","type":"post","link":"https:\/\/agrund.com\/index.php\/robert-downey-jr-na-capa-da-gq-americana\/","title":{"rendered":"Robert Downey Jr. na capa da GQ americana"},"content":{"rendered":"<p>Robert Downey Jr., protagonista do sucesso da Marvel \u2018O Homem de Ferro\u2019 \u00e9 capa da revista GQ US de maio de 2013. Prestes ao lan\u00e7amento do novo filme da franquia \u2018O Homem de Ferro 3\u2019, que chega ao Brasil no dia 26 de abril, o ator que tornou Tony Stark um dos personagens mais populares da Marvel, ao ser questionado sobre um poss\u00edvel cach\u00ea de US$ 50 milh\u00f5es para estrelar o filme \u2018Os Vingadores\u2019 contou que ele \u00e9 considerado um \u2018custo estrat\u00e9gico\u2019 para a Marvel e Disney.<\/p>\n<p>No editorial, Robert aparece bem ao estilo Tony Stark de ser que todos os adoradores do filme tanto gostam. Confira:<\/p>\n<div id=\"attachment_69628\" style=\"width: 590px\" class=\"wp-caption aligncenter\"><a href=\"https:\/\/i0.wp.com\/www.agrund.com\/wp-content\/uploads\/2013\/04\/robert-downey-jr-na-capa-da-gq-americana-1.jpg\"><img aria-describedby=\"caption-attachment-69628\" decoding=\"async\" loading=\"lazy\" class=\"size-full wp-image-69628\" alt=\"Robert Downey Jr. na capa da GQ americana\" src=\"https:\/\/i0.wp.com\/www.agrund.com\/wp-content\/uploads\/2013\/04\/robert-downey-jr-na-capa-da-gq-americana-1.jpg?resize=580%2C400\" width=\"580\" height=\"400\" data-recalc-dims=\"1\" \/><\/a><p id=\"caption-attachment-69628\" class=\"wp-caption-text\">Robert Downey Jr. na capa da GQ americana<\/p><\/div>\n<div id=\"attachment_69629\" style=\"width: 590px\" class=\"wp-caption aligncenter\"><a href=\"https:\/\/i0.wp.com\/www.agrund.com\/wp-content\/uploads\/2013\/04\/robert-downey-jr-na-capa-da-gq-americana-2.jpg\"><img aria-describedby=\"caption-attachment-69629\" decoding=\"async\" loading=\"lazy\" class=\"size-full wp-image-69629\" alt=\"Robert Downey Jr. na capa da GQ americana\" src=\"https:\/\/i0.wp.com\/www.agrund.com\/wp-content\/uploads\/2013\/04\/robert-downey-jr-na-capa-da-gq-americana-2.jpg?resize=580%2C789\" width=\"580\" height=\"789\" data-recalc-dims=\"1\" \/><\/a><p id=\"caption-attachment-69629\" class=\"wp-caption-text\">Robert Downey Jr. na capa da GQ americana<\/p><\/div>\n<div id=\"attachment_69630\" style=\"width: 590px\" class=\"wp-caption aligncenter\"><a href=\"https:\/\/i0.wp.com\/www.agrund.com\/wp-content\/uploads\/2013\/04\/robert-downey-jr-na-capa-da-gq-americana-3.jpg\"><img aria-describedby=\"caption-attachment-69630\" decoding=\"async\" loading=\"lazy\" class=\"size-full wp-image-69630\" alt=\"Robert Downey Jr. na capa da GQ americana\" src=\"https:\/\/i0.wp.com\/www.agrund.com\/wp-content\/uploads\/2013\/04\/robert-downey-jr-na-capa-da-gq-americana-3.jpg?resize=580%2C400\" width=\"580\" height=\"400\" data-recalc-dims=\"1\" \/><\/a><p id=\"caption-attachment-69630\" class=\"wp-caption-text\">Robert Downey Jr. na capa da GQ americana<\/p><\/div>\n<div id=\"attachment_69631\" style=\"width: 590px\" class=\"wp-caption aligncenter\"><a href=\"https:\/\/i0.wp.com\/www.agrund.com\/wp-content\/uploads\/2013\/04\/robert-downey-jr-na-capa-da-gq-americana-4.jpg\"><img aria-describedby=\"caption-attachment-69631\" decoding=\"async\" loading=\"lazy\" class=\"size-full wp-image-69631\" alt=\"Robert Downey Jr. na capa da GQ americana\" src=\"https:\/\/i0.wp.com\/www.agrund.com\/wp-content\/uploads\/2013\/04\/robert-downey-jr-na-capa-da-gq-americana-4.jpg?resize=580%2C400\" width=\"580\" height=\"400\" data-recalc-dims=\"1\" \/><\/a><p id=\"caption-attachment-69631\" class=\"wp-caption-text\">Robert Downey Jr. na capa da GQ americana<\/p><\/div>\n<p>Imagens: Reprodu\u00e7\u00e3o.<\/p>\n","protected":false},"excerpt":{"rendered":"<p>Robert Downey Jr., protagonista do sucesso da Marvel \u2018O Homem de Ferro\u2019 \u00e9 capa da revista GQ US de maio de 2013. Prestes ao lan\u00e7amento do novo filme da franquia \u2018O Homem de Ferro 3\u2019, que chega ao Brasil no dia 26 de abril, o ator que tornou Tony Stark um dos personagens mais populares [&hellip;]<\/p>\n","protected":false},"author":8,"featured_media":69632,"comment_status":"open","ping_status":"open","sticky":false,"template":"","format":"standard","meta":{"jetpack_post_was_ever_published":false,"_jetpack_newsletter_access":"","jetpack_publicize_message":"","jetpack_is_tweetstorm":false,"jetpack_publicize_feature_enabled":true,"jetpack_social_post_already_shared":true,"jetpack_social_options":{"image_generator_settings":{"template":"highway","enabled":false}}},"categories":[6],"tags":[],"jetpack_publicize_connections":[],"jetpack_featured_media_url":"","jetpack_sharing_enabled":true,"jetpack_shortlink":"https:\/\/wp.me\/p3Hz0n-i71","jetpack_likes_enabled":true,"_links":{"self":[{"href":"https:\/\/agrund.com\/index.php\/wp-json\/wp\/v2\/posts\/69627"}],"collection":[{"href":"https:\/\/agrund.com\/index.php\/wp-json\/wp\/v2\/posts"}],"about":[{"href":"https:\/\/agrund.com\/index.php\/wp-json\/wp\/v2\/types\/post"}],"author":[{"embeddable":true,"href":"https:\/\/agrund.com\/index.php\/wp-json\/wp\/v2\/users\/8"}],"replies":[{"embeddable":true,"href":"https:\/\/agrund.com\/index.php\/wp-json\/wp\/v2\/comments?post=69627"}],"version-history":[{"count":0,"href":"https:\/\/agrund.com\/index.php\/wp-json\/wp\/v2\/posts\/69627\/revisions"}],"wp:featuredmedia":[{"embeddable":true,"href":"https:\/\/agrund.com\/index.php\/wp-json\/"}],"wp:attachment":[{"href":"https:\/\/agrund.com\/index.php\/wp-json\/wp\/v2\/media?parent=69627"}],"wp:term":[{"taxonomy":"category","embeddable":true,"href":"https:\/\/agrund.com\/index.php\/wp-json\/wp\/v2\/categories?post=69627"},{"taxonomy":"post_tag","embeddable":true,"href":"https:\/\/agrund.com\/index.php\/wp-json\/wp\/v2\/tags?post=69627"}],"curies":[{"name":"wp","href":"https:\/\/api.w.org\/{rel}","templated":true}]}}