{"id":6945,"date":"2011-03-23T16:00:27","date_gmt":"2011-03-23T19:00:27","guid":{"rendered":"http:\/\/www.agrund.com\/blogs\/notas\/?p=6945"},"modified":"2011-03-23T16:00:27","modified_gmt":"2011-03-23T19:00:27","slug":"gwen-stefani-glam-rock","status":"publish","type":"post","link":"https:\/\/agrund.com\/index.php\/gwen-stefani-glam-rock\/","title":{"rendered":"Gwen Stefani :: Glam Rock"},"content":{"rendered":"<p>A diva da m\u00fasica foi fotografada em um editorial maravilhoso para a edi\u00e7\u00e3o de abril da Elle UK que foi atr\u00e1s de saber como ela consegue ser esposa, m\u00e3e, designer e cantora&#8230; Tudo ao mesmo tempo! Sob as lentes de Matthias Vriens-McGrath e\u00a0 styling por Andrea Lieberman, Gwen aparece nas fotos vestindo Prada, Yves Saint Laurent e Louis Vuitton &#8211; todas as pe\u00e7as parecem ter sido feito sob medida! As fotos s\u00e3o simples e ao mesmo tempo elegantes, fazendo com que transpare\u00e7a seu brilho e sensualidade natural. Gostaram?!<\/p>\n<p style=\"text-align: center\"><img decoding=\"async\" loading=\"lazy\" class=\"aligncenter size-full wp-image-6946\" src=\"https:\/\/i0.wp.com\/www.agrund.com\/arquivo\/notas\/files\/2011\/03\/1-3.jpg?resize=467%2C304\" alt=\"\" width=\"467\" height=\"304\" data-recalc-dims=\"1\" \/><img decoding=\"async\" loading=\"lazy\" class=\"aligncenter size-full wp-image-6947\" src=\"https:\/\/i0.wp.com\/www.agrund.com\/arquivo\/notas\/files\/2011\/03\/16.jpg?resize=467%2C304\" alt=\"\" width=\"467\" height=\"304\" data-recalc-dims=\"1\" \/><\/p>\n<p style=\"text-align: center\"><img decoding=\"async\" loading=\"lazy\" class=\"aligncenter size-full wp-image-6948\" src=\"https:\/\/i0.wp.com\/www.agrund.com\/arquivo\/notas\/files\/2011\/03\/1-2.jpg?resize=467%2C610\" alt=\"\" width=\"467\" height=\"610\" data-recalc-dims=\"1\" \/><img decoding=\"async\" loading=\"lazy\" class=\"aligncenter size-full wp-image-6949\" src=\"https:\/\/i0.wp.com\/www.agrund.com\/arquivo\/notas\/files\/2011\/03\/1-4.jpg?resize=467%2C610\" alt=\"\" width=\"467\" height=\"610\" data-recalc-dims=\"1\" \/><img decoding=\"async\" loading=\"lazy\" class=\"aligncenter size-full wp-image-6950\" src=\"https:\/\/i0.wp.com\/www.agrund.com\/arquivo\/notas\/files\/2011\/03\/1-1.jpg?resize=467%2C612\" alt=\"\" width=\"467\" height=\"612\" data-recalc-dims=\"1\" \/><\/p>\n","protected":false},"excerpt":{"rendered":"<p>A diva da m\u00fasica foi fotografada em um editorial maravilhoso para a edi\u00e7\u00e3o de abril da Elle UK que foi atr\u00e1s de saber como ela consegue ser esposa, m\u00e3e, designer e cantora&#8230; Tudo ao mesmo tempo! Sob as lentes de Matthias Vriens-McGrath e\u00a0 styling por Andrea Lieberman, Gwen aparece nas fotos vestindo Prada, Yves Saint [&hellip;]<\/p>\n","protected":false},"author":8,"featured_media":6946,"comment_status":"open","ping_status":"open","sticky":false,"template":"","format":"standard","meta":{"jetpack_post_was_ever_published":false,"_jetpack_newsletter_access":"","jetpack_publicize_message":"","jetpack_is_tweetstorm":false,"jetpack_publicize_feature_enabled":true,"jetpack_social_post_already_shared":false,"jetpack_social_options":{"image_generator_settings":{"template":"highway","enabled":false}}},"categories":[2],"tags":[],"jetpack_publicize_connections":[],"jetpack_featured_media_url":"","jetpack_sharing_enabled":true,"jetpack_shortlink":"https:\/\/wp.me\/p3Hz0n-1O1","jetpack_likes_enabled":true,"_links":{"self":[{"href":"https:\/\/agrund.com\/index.php\/wp-json\/wp\/v2\/posts\/6945"}],"collection":[{"href":"https:\/\/agrund.com\/index.php\/wp-json\/wp\/v2\/posts"}],"about":[{"href":"https:\/\/agrund.com\/index.php\/wp-json\/wp\/v2\/types\/post"}],"author":[{"embeddable":true,"href":"https:\/\/agrund.com\/index.php\/wp-json\/wp\/v2\/users\/8"}],"replies":[{"embeddable":true,"href":"https:\/\/agrund.com\/index.php\/wp-json\/wp\/v2\/comments?post=6945"}],"version-history":[{"count":0,"href":"https:\/\/agrund.com\/index.php\/wp-json\/wp\/v2\/posts\/6945\/revisions"}],"wp:featuredmedia":[{"embeddable":true,"href":"https:\/\/agrund.com\/index.php\/wp-json\/"}],"wp:attachment":[{"href":"https:\/\/agrund.com\/index.php\/wp-json\/wp\/v2\/media?parent=6945"}],"wp:term":[{"taxonomy":"category","embeddable":true,"href":"https:\/\/agrund.com\/index.php\/wp-json\/wp\/v2\/categories?post=6945"},{"taxonomy":"post_tag","embeddable":true,"href":"https:\/\/agrund.com\/index.php\/wp-json\/wp\/v2\/tags?post=6945"}],"curies":[{"name":"wp","href":"https:\/\/api.w.org\/{rel}","templated":true}]}}