{"id":69083,"date":"2013-04-18T15:00:22","date_gmt":"2013-04-18T18:00:22","guid":{"rendered":"http:\/\/www.agrund.com\/?p=69083"},"modified":"2013-04-18T15:00:22","modified_gmt":"2013-04-18T18:00:22","slug":"rita-ora-e-capa-da-elle-us","status":"publish","type":"post","link":"https:\/\/agrund.com\/index.php\/rita-ora-e-capa-da-elle-us\/","title":{"rendered":"Rita Ora \u00e9 capa da Elle US"},"content":{"rendered":"<p>Rita Ora \u00e9 a garota da capa, ou melhor, das duas capas, e do editorial da edi\u00e7\u00e3o de Maio 2013 da revista Elle US. Em uma das capas, Rita aparece com orelhas do Mickey enquanto na segunda ela encarna uma personagem de \u00e9poca.<\/p>\n<p>O editorial, fotografado por Thomas Whiteside, traz a cantora vestindo looks de Alta Costura de diversas grifes Primavera 2013. Confira:<\/p>\n<div id=\"attachment_69084\" style=\"width: 510px\" class=\"wp-caption aligncenter\"><a href=\"https:\/\/i0.wp.com\/www.agrund.com\/wp-content\/uploads\/2013\/04\/rita-ora-e-capa-da-elle-us-1.jpg\"><img aria-describedby=\"caption-attachment-69084\" decoding=\"async\" loading=\"lazy\" class=\"size-full wp-image-69084\" alt=\"Rita Ora \u00e9 capa da Elle US\" src=\"https:\/\/i0.wp.com\/www.agrund.com\/wp-content\/uploads\/2013\/04\/rita-ora-e-capa-da-elle-us-1.jpg?resize=500%2C669\" width=\"500\" height=\"669\" data-recalc-dims=\"1\" \/><\/a><p id=\"caption-attachment-69084\" class=\"wp-caption-text\">Rita Ora \u00e9 capa da Elle US<\/p><\/div>\n<p><a href=\"https:\/\/i0.wp.com\/www.agrund.com\/wp-content\/uploads\/2013\/04\/rita-ora-e-capa-da-elle-us-2.jpg\"><img decoding=\"async\" loading=\"lazy\" class=\"aligncenter size-full wp-image-69086\" alt=\"rita-ora-e-capa-da-elle-us (2)\" src=\"https:\/\/i0.wp.com\/www.agrund.com\/wp-content\/uploads\/2013\/04\/rita-ora-e-capa-da-elle-us-2.jpg?resize=500%2C689\" width=\"500\" height=\"689\" data-recalc-dims=\"1\" \/><\/a><\/p>\n<div id=\"attachment_69087\" style=\"width: 510px\" class=\"wp-caption aligncenter\"><a href=\"https:\/\/i0.wp.com\/www.agrund.com\/wp-content\/uploads\/2013\/04\/rita-ora-e-capa-da-elle-us-3.jpg\"><img aria-describedby=\"caption-attachment-69087\" decoding=\"async\" loading=\"lazy\" class=\"size-full wp-image-69087\" alt=\"Rita Ora \u00e9 capa da Elle US\" src=\"https:\/\/i0.wp.com\/www.agrund.com\/wp-content\/uploads\/2013\/04\/rita-ora-e-capa-da-elle-us-3.jpg?resize=500%2C666\" width=\"500\" height=\"666\" data-recalc-dims=\"1\" \/><\/a><p id=\"caption-attachment-69087\" class=\"wp-caption-text\">Rita Ora \u00e9 capa da Elle US<\/p><\/div>\n<div id=\"attachment_69088\" style=\"width: 510px\" class=\"wp-caption aligncenter\"><a href=\"https:\/\/i0.wp.com\/www.agrund.com\/wp-content\/uploads\/2013\/04\/rita-ora-e-capa-da-elle-us-4.jpg\"><img aria-describedby=\"caption-attachment-69088\" decoding=\"async\" loading=\"lazy\" class=\"size-full wp-image-69088\" alt=\"Rita Ora \u00e9 capa da Elle US\" src=\"https:\/\/i0.wp.com\/www.agrund.com\/wp-content\/uploads\/2013\/04\/rita-ora-e-capa-da-elle-us-4.jpg?resize=500%2C750\" width=\"500\" height=\"750\" data-recalc-dims=\"1\" \/><\/a><p id=\"caption-attachment-69088\" class=\"wp-caption-text\">Rita Ora \u00e9 capa da Elle US<\/p><\/div>\n<div id=\"attachment_69089\" style=\"width: 510px\" class=\"wp-caption aligncenter\"><a href=\"https:\/\/i0.wp.com\/www.agrund.com\/wp-content\/uploads\/2013\/04\/rita-ora-e-capa-da-elle-us-5.jpg\"><img aria-describedby=\"caption-attachment-69089\" decoding=\"async\" loading=\"lazy\" class=\"size-full wp-image-69089\" alt=\"Rita Ora \u00e9 capa da Elle US\" src=\"https:\/\/i0.wp.com\/www.agrund.com\/wp-content\/uploads\/2013\/04\/rita-ora-e-capa-da-elle-us-5.jpg?resize=500%2C750\" width=\"500\" height=\"750\" data-recalc-dims=\"1\" \/><\/a><p id=\"caption-attachment-69089\" class=\"wp-caption-text\">Rita Ora \u00e9 capa da Elle US<\/p><\/div>\n<p>Imagens: Reprodu\u00e7\u00e3o.<\/p>\n","protected":false},"excerpt":{"rendered":"<p>Rita Ora \u00e9 a garota da capa, ou melhor, das duas capas, e do editorial da edi\u00e7\u00e3o de Maio 2013 da revista Elle US. Em uma das capas, Rita aparece com orelhas do Mickey enquanto na segunda ela encarna uma personagem de \u00e9poca. O editorial, fotografado por Thomas Whiteside, traz a cantora vestindo looks de [&hellip;]<\/p>\n","protected":false},"author":8,"featured_media":69090,"comment_status":"open","ping_status":"open","sticky":false,"template":"","format":"standard","meta":{"jetpack_post_was_ever_published":false,"_jetpack_newsletter_access":"","jetpack_publicize_message":"","jetpack_is_tweetstorm":false,"jetpack_publicize_feature_enabled":true,"jetpack_social_post_already_shared":true,"jetpack_social_options":{"image_generator_settings":{"template":"highway","enabled":false}}},"categories":[2],"tags":[],"jetpack_publicize_connections":[],"jetpack_featured_media_url":"","jetpack_sharing_enabled":true,"jetpack_shortlink":"https:\/\/wp.me\/p3Hz0n-hYf","jetpack_likes_enabled":true,"_links":{"self":[{"href":"https:\/\/agrund.com\/index.php\/wp-json\/wp\/v2\/posts\/69083"}],"collection":[{"href":"https:\/\/agrund.com\/index.php\/wp-json\/wp\/v2\/posts"}],"about":[{"href":"https:\/\/agrund.com\/index.php\/wp-json\/wp\/v2\/types\/post"}],"author":[{"embeddable":true,"href":"https:\/\/agrund.com\/index.php\/wp-json\/wp\/v2\/users\/8"}],"replies":[{"embeddable":true,"href":"https:\/\/agrund.com\/index.php\/wp-json\/wp\/v2\/comments?post=69083"}],"version-history":[{"count":0,"href":"https:\/\/agrund.com\/index.php\/wp-json\/wp\/v2\/posts\/69083\/revisions"}],"wp:featuredmedia":[{"embeddable":true,"href":"https:\/\/agrund.com\/index.php\/wp-json\/"}],"wp:attachment":[{"href":"https:\/\/agrund.com\/index.php\/wp-json\/wp\/v2\/media?parent=69083"}],"wp:term":[{"taxonomy":"category","embeddable":true,"href":"https:\/\/agrund.com\/index.php\/wp-json\/wp\/v2\/categories?post=69083"},{"taxonomy":"post_tag","embeddable":true,"href":"https:\/\/agrund.com\/index.php\/wp-json\/wp\/v2\/tags?post=69083"}],"curies":[{"name":"wp","href":"https:\/\/api.w.org\/{rel}","templated":true}]}}