{"id":68610,"date":"2013-04-15T17:22:19","date_gmt":"2013-04-15T20:22:19","guid":{"rendered":"http:\/\/www.agrund.com\/?p=68610"},"modified":"2013-04-15T17:22:19","modified_gmt":"2013-04-15T20:22:19","slug":"lancamento-cris-barros-mini-apresenta-colecao-inspirada-na-porcelana-de-picasso","status":"publish","type":"post","link":"https:\/\/agrund.com\/index.php\/lancamento-cris-barros-mini-apresenta-colecao-inspirada-na-porcelana-de-picasso\/","title":{"rendered":"Lan\u00e7amento :: Cris Barros Mini apresenta cole\u00e7\u00e3o inspirada na porcelana de Picasso"},"content":{"rendered":"<p>O inverno 2013 da Cris Barros Mini trouxe inspira\u00e7\u00e3o da cer\u00e2mica de Picasso com express\u00e3o l\u00fadica e divertida. Cores e formas deixaram a crian\u00e7ada mais \u00e0 vontade com o cen\u00e1rio da fantasia do pintor.<\/p>\n<p>O desfile, que aconteceu ontem (14), colocou 90 crian\u00e7as de 2 a 12 anos, todas clientes da marca, na passarela para mostrar pe\u00e7as que incluem cartolas, chap\u00e9us, bexigas, \u00f3culos coloridos, al\u00e9m do sapinho de pel\u00facia, marca registrada da grife infantil.<\/p>\n<div id=\"attachment_68628\" style=\"width: 610px\" class=\"wp-caption aligncenter\"><a href=\"https:\/\/i0.wp.com\/www.agrund.com\/wp-content\/uploads\/2013\/04\/Desfile-Cris-Barros-Mini_53252.jpg\"><img aria-describedby=\"caption-attachment-68628\" decoding=\"async\" loading=\"lazy\" class=\"size-full wp-image-68628\" alt=\"Lan\u00e7amento :: Cris Barros Mini apresenta cole\u00e7\u00e3o inspirada na porcelana de Picasso\" src=\"https:\/\/i0.wp.com\/www.agrund.com\/wp-content\/uploads\/2013\/04\/Desfile-Cris-Barros-Mini_53252.jpg?resize=600%2C400\" width=\"600\" height=\"400\" data-recalc-dims=\"1\" \/><\/a><p id=\"caption-attachment-68628\" class=\"wp-caption-text\">Lan\u00e7amento :: Cris Barros Mini apresenta cole\u00e7\u00e3o inspirada na porcelana de Picasso<\/p><\/div>\n<div id=\"attachment_68629\" style=\"width: 610px\" class=\"wp-caption aligncenter\"><a href=\"https:\/\/i0.wp.com\/www.agrund.com\/wp-content\/uploads\/2013\/04\/Desfile-Cris-Barros-Mini_53331.jpg\"><img aria-describedby=\"caption-attachment-68629\" decoding=\"async\" loading=\"lazy\" class=\"size-full wp-image-68629\" alt=\"Lan\u00e7amento :: Cris Barros Mini apresenta cole\u00e7\u00e3o inspirada na porcelana de Picasso\" src=\"https:\/\/i0.wp.com\/www.agrund.com\/wp-content\/uploads\/2013\/04\/Desfile-Cris-Barros-Mini_53331.jpg?resize=600%2C400\" width=\"600\" height=\"400\" data-recalc-dims=\"1\" \/><\/a><p id=\"caption-attachment-68629\" class=\"wp-caption-text\">Lan\u00e7amento :: Cris Barros Mini apresenta cole\u00e7\u00e3o inspirada na porcelana de Picasso<\/p><\/div>\n<div id=\"attachment_68630\" style=\"width: 411px\" class=\"wp-caption aligncenter\"><a href=\"https:\/\/i0.wp.com\/www.agrund.com\/wp-content\/uploads\/2013\/04\/Desfile-Cris-Barros-Mini_53471.jpg\"><img aria-describedby=\"caption-attachment-68630\" decoding=\"async\" loading=\"lazy\" class=\"size-full wp-image-68630\" alt=\"Lan\u00e7amento :: Cris Barros Mini apresenta cole\u00e7\u00e3o inspirada na porcelana de Picasso\" src=\"https:\/\/i0.wp.com\/www.agrund.com\/wp-content\/uploads\/2013\/04\/Desfile-Cris-Barros-Mini_53471.jpg?resize=401%2C600\" width=\"401\" height=\"600\" data-recalc-dims=\"1\" \/><\/a><p id=\"caption-attachment-68630\" class=\"wp-caption-text\">Lan\u00e7amento :: Cris Barros Mini apresenta cole\u00e7\u00e3o inspirada na porcelana de Picasso<\/p><\/div>\n<div id=\"attachment_68631\" style=\"width: 610px\" class=\"wp-caption aligncenter\"><a href=\"https:\/\/i0.wp.com\/www.agrund.com\/wp-content\/uploads\/2013\/04\/Desfile-Cris-Barros-Mini_53551.jpg\"><img aria-describedby=\"caption-attachment-68631\" decoding=\"async\" loading=\"lazy\" class=\"size-full wp-image-68631\" alt=\"Lan\u00e7amento :: Cris Barros Mini apresenta cole\u00e7\u00e3o inspirada na porcelana de Picasso\" src=\"https:\/\/i0.wp.com\/www.agrund.com\/wp-content\/uploads\/2013\/04\/Desfile-Cris-Barros-Mini_53551.jpg?resize=600%2C400\" width=\"600\" height=\"400\" data-recalc-dims=\"1\" \/><\/a><p id=\"caption-attachment-68631\" class=\"wp-caption-text\">Lan\u00e7amento :: Cris Barros Mini apresenta cole\u00e7\u00e3o inspirada na porcelana de Picasso<\/p><\/div>\n<div id=\"attachment_68632\" style=\"width: 610px\" class=\"wp-caption aligncenter\"><a href=\"https:\/\/i0.wp.com\/www.agrund.com\/wp-content\/uploads\/2013\/04\/Desfile-Cris-Barros-Mini_53571.jpg\"><img aria-describedby=\"caption-attachment-68632\" decoding=\"async\" loading=\"lazy\" class=\"size-full wp-image-68632\" alt=\"Lan\u00e7amento :: Cris Barros Mini apresenta cole\u00e7\u00e3o inspirada na porcelana de Picasso\" src=\"https:\/\/i0.wp.com\/www.agrund.com\/wp-content\/uploads\/2013\/04\/Desfile-Cris-Barros-Mini_53571.jpg?resize=600%2C400\" width=\"600\" height=\"400\" data-recalc-dims=\"1\" \/><\/a><p id=\"caption-attachment-68632\" class=\"wp-caption-text\">Lan\u00e7amento :: Cris Barros Mini apresenta cole\u00e7\u00e3o inspirada na porcelana de Picasso<\/p><\/div>\n<div id=\"attachment_68633\" style=\"width: 410px\" class=\"wp-caption aligncenter\"><a href=\"https:\/\/i0.wp.com\/www.agrund.com\/wp-content\/uploads\/2013\/04\/Desfile-Cris-Barros-Mini_53751.jpg\"><img aria-describedby=\"caption-attachment-68633\" decoding=\"async\" loading=\"lazy\" class=\"size-full wp-image-68633\" alt=\"Lan\u00e7amento :: Cris Barros Mini apresenta cole\u00e7\u00e3o inspirada na porcelana de Picasso\" src=\"https:\/\/i0.wp.com\/www.agrund.com\/wp-content\/uploads\/2013\/04\/Desfile-Cris-Barros-Mini_53751.jpg?resize=400%2C600\" width=\"400\" height=\"600\" data-recalc-dims=\"1\" \/><\/a><p id=\"caption-attachment-68633\" class=\"wp-caption-text\">Lan\u00e7amento :: Cris Barros Mini apresenta cole\u00e7\u00e3o inspirada na porcelana de Picasso<\/p><\/div>\n<div id=\"attachment_68634\" style=\"width: 610px\" class=\"wp-caption aligncenter\"><a href=\"https:\/\/i0.wp.com\/www.agrund.com\/wp-content\/uploads\/2013\/04\/Desfile-Cris-Barros-Mini_53971.jpg\"><img aria-describedby=\"caption-attachment-68634\" decoding=\"async\" loading=\"lazy\" class=\"size-full wp-image-68634\" alt=\"Lan\u00e7amento :: Cris Barros Mini apresenta cole\u00e7\u00e3o inspirada na porcelana de Picasso\" src=\"https:\/\/i0.wp.com\/www.agrund.com\/wp-content\/uploads\/2013\/04\/Desfile-Cris-Barros-Mini_53971.jpg?resize=600%2C400\" width=\"600\" height=\"400\" data-recalc-dims=\"1\" \/><\/a><p id=\"caption-attachment-68634\" class=\"wp-caption-text\">Lan\u00e7amento :: Cris Barros Mini apresenta cole\u00e7\u00e3o inspirada na porcelana de Picasso<\/p><\/div>\n<div id=\"attachment_68635\" style=\"width: 610px\" class=\"wp-caption aligncenter\"><a href=\"https:\/\/i0.wp.com\/www.agrund.com\/wp-content\/uploads\/2013\/04\/Desfile-Cris-Barros-Mini_54281.jpg\"><img aria-describedby=\"caption-attachment-68635\" decoding=\"async\" loading=\"lazy\" class=\"size-full wp-image-68635\" alt=\"Lan\u00e7amento :: Cris Barros Mini apresenta cole\u00e7\u00e3o inspirada na porcelana de Picasso\" src=\"https:\/\/i0.wp.com\/www.agrund.com\/wp-content\/uploads\/2013\/04\/Desfile-Cris-Barros-Mini_54281.jpg?resize=600%2C400\" width=\"600\" height=\"400\" data-recalc-dims=\"1\" \/><\/a><p id=\"caption-attachment-68635\" class=\"wp-caption-text\">Lan\u00e7amento :: Cris Barros Mini apresenta cole\u00e7\u00e3o inspirada na porcelana de Picasso<\/p><\/div>\n<div id=\"attachment_68636\" style=\"width: 410px\" class=\"wp-caption aligncenter\"><a href=\"https:\/\/i0.wp.com\/www.agrund.com\/wp-content\/uploads\/2013\/04\/Desfile-Cris-Barros-Mini_54372.jpg\"><img aria-describedby=\"caption-attachment-68636\" decoding=\"async\" loading=\"lazy\" class=\"size-full wp-image-68636\" alt=\"Lan\u00e7amento :: Cris Barros Mini apresenta cole\u00e7\u00e3o inspirada na porcelana de Picasso\" src=\"https:\/\/i0.wp.com\/www.agrund.com\/wp-content\/uploads\/2013\/04\/Desfile-Cris-Barros-Mini_54372.jpg?resize=400%2C600\" width=\"400\" height=\"600\" data-recalc-dims=\"1\" \/><\/a><p id=\"caption-attachment-68636\" class=\"wp-caption-text\">Lan\u00e7amento :: Cris Barros Mini apresenta cole\u00e7\u00e3o inspirada na porcelana de Picasso<\/p><\/div>\n<p>Imagens: Divulga\u00e7\u00e3o.<\/p>\n<p>&nbsp;<\/p>\n<p>&nbsp;<\/p>\n<p>&nbsp;<\/p>\n<p>&nbsp;<\/p>\n<p>&nbsp;<\/p>\n<p>&nbsp;<\/p>\n<p>&nbsp;<\/p>\n<p>&nbsp;<\/p>\n<p>&nbsp;<\/p>\n","protected":false},"excerpt":{"rendered":"<p>O inverno 2013 da Cris Barros Mini trouxe inspira\u00e7\u00e3o da cer\u00e2mica de Picasso com express\u00e3o l\u00fadica e divertida. Cores e formas deixaram a crian\u00e7ada mais \u00e0 vontade com o cen\u00e1rio da fantasia do pintor. O desfile, que aconteceu ontem (14), colocou 90 crian\u00e7as de 2 a 12 anos, todas clientes da marca, na passarela para [&hellip;]<\/p>\n","protected":false},"author":8,"featured_media":68637,"comment_status":"open","ping_status":"open","sticky":false,"template":"","format":"standard","meta":{"jetpack_post_was_ever_published":false,"_jetpack_newsletter_access":"","jetpack_publicize_message":"","jetpack_is_tweetstorm":false,"jetpack_publicize_feature_enabled":true,"jetpack_social_post_already_shared":true,"jetpack_social_options":{"image_generator_settings":{"template":"highway","enabled":false}}},"categories":[2],"tags":[],"jetpack_publicize_connections":[],"jetpack_featured_media_url":"","jetpack_sharing_enabled":true,"jetpack_shortlink":"https:\/\/wp.me\/p3Hz0n-hQC","jetpack_likes_enabled":true,"_links":{"self":[{"href":"https:\/\/agrund.com\/index.php\/wp-json\/wp\/v2\/posts\/68610"}],"collection":[{"href":"https:\/\/agrund.com\/index.php\/wp-json\/wp\/v2\/posts"}],"about":[{"href":"https:\/\/agrund.com\/index.php\/wp-json\/wp\/v2\/types\/post"}],"author":[{"embeddable":true,"href":"https:\/\/agrund.com\/index.php\/wp-json\/wp\/v2\/users\/8"}],"replies":[{"embeddable":true,"href":"https:\/\/agrund.com\/index.php\/wp-json\/wp\/v2\/comments?post=68610"}],"version-history":[{"count":0,"href":"https:\/\/agrund.com\/index.php\/wp-json\/wp\/v2\/posts\/68610\/revisions"}],"wp:featuredmedia":[{"embeddable":true,"href":"https:\/\/agrund.com\/index.php\/wp-json\/"}],"wp:attachment":[{"href":"https:\/\/agrund.com\/index.php\/wp-json\/wp\/v2\/media?parent=68610"}],"wp:term":[{"taxonomy":"category","embeddable":true,"href":"https:\/\/agrund.com\/index.php\/wp-json\/wp\/v2\/categories?post=68610"},{"taxonomy":"post_tag","embeddable":true,"href":"https:\/\/agrund.com\/index.php\/wp-json\/wp\/v2\/tags?post=68610"}],"curies":[{"name":"wp","href":"https:\/\/api.w.org\/{rel}","templated":true}]}}