{"id":68572,"date":"2013-04-15T22:30:15","date_gmt":"2013-04-16T01:30:15","guid":{"rendered":"http:\/\/www.agrund.com\/?p=68572"},"modified":"2013-04-15T22:30:15","modified_gmt":"2013-04-16T01:30:15","slug":"versace-jeans-enaltece-a-seducao","status":"publish","type":"post","link":"https:\/\/agrund.com\/index.php\/versace-jeans-enaltece-a-seducao\/","title":{"rendered":"Versace Jeans enaltece a sedu\u00e7\u00e3o"},"content":{"rendered":"<p>Um time de peso foi convocado para brilhar na nova campanha Versace Jeans. Dessa vez, a linda modelo Daria Werbowy est\u00e1 entre dois belos modelos Edward Wilding e Kacey Carrig e criam um invej\u00e1vel clima de sedu\u00e7\u00e3o e conquista. Eles foram clicados pela super dupla de fot\u00f3grafos Mert Alas e Marcus Piggott. A est\u00e9tica remete aos anos 90 e a inspira\u00e7\u00e3o veio dos ic\u00f4nicos an\u00fancios da mesma \u00e9poca clicados por Richard Avedon. E o jeans vem com uma lavagem bem diferente para eles! Confira:<\/p>\n<div id=\"attachment_68573\" style=\"width: 510px\" class=\"wp-caption aligncenter\"><a href=\"https:\/\/i0.wp.com\/www.agrund.com\/wp-content\/uploads\/2013\/04\/versace-jeans-enaltece-a-seducao.jpg\"><img aria-describedby=\"caption-attachment-68573\" decoding=\"async\" loading=\"lazy\" class=\"size-full wp-image-68573\" alt=\"Versace Jeans enaltece a sedu\u00e7\u00e3o\" src=\"https:\/\/i0.wp.com\/www.agrund.com\/wp-content\/uploads\/2013\/04\/versace-jeans-enaltece-a-seducao.jpg?resize=500%2C334\" width=\"500\" height=\"334\" data-recalc-dims=\"1\" \/><\/a><p id=\"caption-attachment-68573\" class=\"wp-caption-text\">Versace Jeans enaltece a sedu\u00e7\u00e3o<\/p><\/div>\n<p>Imagem: Divulga\u00e7\u00e3o.<\/p>\n","protected":false},"excerpt":{"rendered":"<p>Um time de peso foi convocado para brilhar na nova campanha Versace Jeans. Dessa vez, a linda modelo Daria Werbowy est\u00e1 entre dois belos modelos Edward Wilding e Kacey Carrig e criam um invej\u00e1vel clima de sedu\u00e7\u00e3o e conquista. Eles foram clicados pela super dupla de fot\u00f3grafos Mert Alas e Marcus Piggott. A est\u00e9tica remete [&hellip;]<\/p>\n","protected":false},"author":8,"featured_media":68574,"comment_status":"open","ping_status":"open","sticky":false,"template":"","format":"standard","meta":{"jetpack_post_was_ever_published":false,"_jetpack_newsletter_access":"","jetpack_publicize_message":"","jetpack_is_tweetstorm":false,"jetpack_publicize_feature_enabled":true,"jetpack_social_post_already_shared":true,"jetpack_social_options":{"image_generator_settings":{"template":"highway","enabled":false}}},"categories":[2],"tags":[],"jetpack_publicize_connections":[],"jetpack_featured_media_url":"","jetpack_sharing_enabled":true,"jetpack_shortlink":"https:\/\/wp.me\/p3Hz0n-hQ0","jetpack_likes_enabled":true,"_links":{"self":[{"href":"https:\/\/agrund.com\/index.php\/wp-json\/wp\/v2\/posts\/68572"}],"collection":[{"href":"https:\/\/agrund.com\/index.php\/wp-json\/wp\/v2\/posts"}],"about":[{"href":"https:\/\/agrund.com\/index.php\/wp-json\/wp\/v2\/types\/post"}],"author":[{"embeddable":true,"href":"https:\/\/agrund.com\/index.php\/wp-json\/wp\/v2\/users\/8"}],"replies":[{"embeddable":true,"href":"https:\/\/agrund.com\/index.php\/wp-json\/wp\/v2\/comments?post=68572"}],"version-history":[{"count":0,"href":"https:\/\/agrund.com\/index.php\/wp-json\/wp\/v2\/posts\/68572\/revisions"}],"wp:featuredmedia":[{"embeddable":true,"href":"https:\/\/agrund.com\/index.php\/wp-json\/"}],"wp:attachment":[{"href":"https:\/\/agrund.com\/index.php\/wp-json\/wp\/v2\/media?parent=68572"}],"wp:term":[{"taxonomy":"category","embeddable":true,"href":"https:\/\/agrund.com\/index.php\/wp-json\/wp\/v2\/categories?post=68572"},{"taxonomy":"post_tag","embeddable":true,"href":"https:\/\/agrund.com\/index.php\/wp-json\/wp\/v2\/tags?post=68572"}],"curies":[{"name":"wp","href":"https:\/\/api.w.org\/{rel}","templated":true}]}}