{"id":68504,"date":"2013-04-15T16:00:51","date_gmt":"2013-04-15T19:00:51","guid":{"rendered":"http:\/\/www.agrund.com\/?p=68504"},"modified":"2013-04-15T16:00:51","modified_gmt":"2013-04-15T19:00:51","slug":"estivanelli-se-inspira-no-militarismo-para-sua-nova-colecao","status":"publish","type":"post","link":"https:\/\/agrund.com\/index.php\/estivanelli-se-inspira-no-militarismo-para-sua-nova-colecao\/","title":{"rendered":"Estivanelli se inspira no militarismo para sua nova cole\u00e7\u00e3o"},"content":{"rendered":"<p>A inspira\u00e7\u00e3o para o Inverno 2013 da marca masculina Estivanelli passeia entre refer\u00eancias militar e vintage. Os cortes elegantes<br \/>\nproporcionam um visual casual chic que vai para todas as ocasi\u00f5es. As pe\u00e7as-chave da cole\u00e7\u00e3o est\u00e3o nos jeans em modelagem skiny e comfort. O preto domina a cartela de cores, mas d\u00e1 espa\u00e7o para azul, vermelho, verde militar e terrosos. Completam a cole\u00e7\u00e3o: mocassins coloridos, coturnos envelhecidos, sapatos com solados tratorados e sociais com acabamentos diferenciados.<\/p>\n<div id=\"attachment_68505\" style=\"width: 510px\" class=\"wp-caption aligncenter\"><a href=\"https:\/\/i0.wp.com\/www.agrund.com\/wp-content\/uploads\/2013\/04\/estivanelli-se-inspira-no-militarismo-para-sua-nova-colecao-1.jpg\"><img aria-describedby=\"caption-attachment-68505\" decoding=\"async\" loading=\"lazy\" class=\"size-full wp-image-68505\" alt=\"Estivanelli se inspira no militarismo para sua nova cole\u00e7\u00e3o\" src=\"https:\/\/i0.wp.com\/www.agrund.com\/wp-content\/uploads\/2013\/04\/estivanelli-se-inspira-no-militarismo-para-sua-nova-colecao-1.jpg?resize=500%2C750\" width=\"500\" height=\"750\" data-recalc-dims=\"1\" \/><\/a><p id=\"caption-attachment-68505\" class=\"wp-caption-text\">Estivanelli se inspira no militarismo para sua nova cole\u00e7\u00e3o<\/p><\/div>\n<div id=\"attachment_68506\" style=\"width: 510px\" class=\"wp-caption aligncenter\"><a href=\"https:\/\/i0.wp.com\/www.agrund.com\/wp-content\/uploads\/2013\/04\/estivanelli-se-inspira-no-militarismo-para-sua-nova-colecao-2.jpg\"><img aria-describedby=\"caption-attachment-68506\" decoding=\"async\" loading=\"lazy\" class=\"size-full wp-image-68506\" alt=\"Estivanelli se inspira no militarismo para sua nova cole\u00e7\u00e3o\" src=\"https:\/\/i0.wp.com\/www.agrund.com\/wp-content\/uploads\/2013\/04\/estivanelli-se-inspira-no-militarismo-para-sua-nova-colecao-2.jpg?resize=500%2C770\" width=\"500\" height=\"770\" data-recalc-dims=\"1\" \/><\/a><p id=\"caption-attachment-68506\" class=\"wp-caption-text\">Estivanelli se inspira no militarismo para sua nova cole\u00e7\u00e3o<\/p><\/div>\n<div id=\"attachment_68507\" style=\"width: 510px\" class=\"wp-caption aligncenter\"><a href=\"https:\/\/i0.wp.com\/www.agrund.com\/wp-content\/uploads\/2013\/04\/estivanelli-se-inspira-no-militarismo-para-sua-nova-colecao-3.jpg\"><img aria-describedby=\"caption-attachment-68507\" decoding=\"async\" loading=\"lazy\" class=\"size-full wp-image-68507\" alt=\"Estivanelli se inspira no militarismo para sua nova cole\u00e7\u00e3o\" src=\"https:\/\/i0.wp.com\/www.agrund.com\/wp-content\/uploads\/2013\/04\/estivanelli-se-inspira-no-militarismo-para-sua-nova-colecao-3.jpg?resize=500%2C333\" width=\"500\" height=\"333\" data-recalc-dims=\"1\" \/><\/a><p id=\"caption-attachment-68507\" class=\"wp-caption-text\">Estivanelli se inspira no militarismo para sua nova cole\u00e7\u00e3o<\/p><\/div>\n<div id=\"attachment_68508\" style=\"width: 510px\" class=\"wp-caption aligncenter\"><a href=\"https:\/\/i0.wp.com\/www.agrund.com\/wp-content\/uploads\/2013\/04\/estivanelli-se-inspira-no-militarismo-para-sua-nova-colecao-4.jpg\"><img aria-describedby=\"caption-attachment-68508\" decoding=\"async\" loading=\"lazy\" class=\"size-full wp-image-68508\" alt=\"Estivanelli se inspira no militarismo para sua nova cole\u00e7\u00e3o\" src=\"https:\/\/i0.wp.com\/www.agrund.com\/wp-content\/uploads\/2013\/04\/estivanelli-se-inspira-no-militarismo-para-sua-nova-colecao-4.jpg?resize=500%2C750\" width=\"500\" height=\"750\" data-recalc-dims=\"1\" \/><\/a><p id=\"caption-attachment-68508\" class=\"wp-caption-text\">Estivanelli se inspira no militarismo para sua nova cole\u00e7\u00e3o<\/p><\/div>\n<p>Imagem: Divulga\u00e7\u00e3o.<\/p>\n","protected":false},"excerpt":{"rendered":"<p>A inspira\u00e7\u00e3o para o Inverno 2013 da marca masculina Estivanelli passeia entre refer\u00eancias militar e vintage. Os cortes elegantes proporcionam um visual casual chic que vai para todas as ocasi\u00f5es. As pe\u00e7as-chave da cole\u00e7\u00e3o est\u00e3o nos jeans em modelagem skiny e comfort. O preto domina a cartela de cores, mas d\u00e1 espa\u00e7o para azul, vermelho, [&hellip;]<\/p>\n","protected":false},"author":8,"featured_media":68509,"comment_status":"open","ping_status":"open","sticky":false,"template":"","format":"standard","meta":{"jetpack_post_was_ever_published":false,"_jetpack_newsletter_access":"","jetpack_publicize_message":"","jetpack_is_tweetstorm":false,"jetpack_publicize_feature_enabled":true,"jetpack_social_post_already_shared":true,"jetpack_social_options":{"image_generator_settings":{"template":"highway","enabled":false}}},"categories":[6],"tags":[],"jetpack_publicize_connections":[],"jetpack_featured_media_url":"","jetpack_sharing_enabled":true,"jetpack_shortlink":"https:\/\/wp.me\/p3Hz0n-hOU","jetpack_likes_enabled":true,"_links":{"self":[{"href":"https:\/\/agrund.com\/index.php\/wp-json\/wp\/v2\/posts\/68504"}],"collection":[{"href":"https:\/\/agrund.com\/index.php\/wp-json\/wp\/v2\/posts"}],"about":[{"href":"https:\/\/agrund.com\/index.php\/wp-json\/wp\/v2\/types\/post"}],"author":[{"embeddable":true,"href":"https:\/\/agrund.com\/index.php\/wp-json\/wp\/v2\/users\/8"}],"replies":[{"embeddable":true,"href":"https:\/\/agrund.com\/index.php\/wp-json\/wp\/v2\/comments?post=68504"}],"version-history":[{"count":0,"href":"https:\/\/agrund.com\/index.php\/wp-json\/wp\/v2\/posts\/68504\/revisions"}],"wp:featuredmedia":[{"embeddable":true,"href":"https:\/\/agrund.com\/index.php\/wp-json\/"}],"wp:attachment":[{"href":"https:\/\/agrund.com\/index.php\/wp-json\/wp\/v2\/media?parent=68504"}],"wp:term":[{"taxonomy":"category","embeddable":true,"href":"https:\/\/agrund.com\/index.php\/wp-json\/wp\/v2\/categories?post=68504"},{"taxonomy":"post_tag","embeddable":true,"href":"https:\/\/agrund.com\/index.php\/wp-json\/wp\/v2\/tags?post=68504"}],"curies":[{"name":"wp","href":"https:\/\/api.w.org\/{rel}","templated":true}]}}