{"id":6788,"date":"2011-03-21T16:57:20","date_gmt":"2011-03-21T19:57:20","guid":{"rendered":"http:\/\/www.agrund.com\/blogs\/notas\/?p=6788"},"modified":"2011-03-21T16:57:20","modified_gmt":"2011-03-21T19:57:20","slug":"paris-les-annees-1190-2000","status":"publish","type":"post","link":"https:\/\/agrund.com\/index.php\/paris-les-annees-1190-2000\/","title":{"rendered":"PARIS\/ LES ANN\u00c9ES 1990-2000"},"content":{"rendered":"<p>At\u00e9 o dia 8 de maio de 20111, acontece no <a href=\"http:\/\/www.lesartsdecoratifs.fr\">Mus\u00e9e Les Arts D\u00e9coratifs<\/a> a exposi\u00e7\u00e3o \u201c <strong>Les ann\u00e9es 1990-2000. Histoire id\u00e9ale de La mode contemporaine vl.II<\/strong>\u201d. A mostra a evolu\u00e7\u00e3o da moda na \u00faltima d\u00e9cada, e como ela foi influenciada pela situa\u00e7\u00e3o s\u00f3cio pol\u00edtica do mundo. S\u00e3o 150 looks dos mais importantes criadores \u2013 Martin Margiela, Issey Miyake, Vivienne Westwood, Jean Paul Gaultier, Alexander McQueen, Helmut Lang entre outros \u2013 e que j\u00e1 se tornaram \u00edcones e pontos chave para entender a moda contempor\u00e2nia. Vale a pena conferir!<\/p>\n<p style=\"text-align: center\"><img decoding=\"async\" loading=\"lazy\" class=\"aligncenter size-full wp-image-6790\" src=\"https:\/\/i0.wp.com\/www.agrund.com\/arquivo\/notas\/files\/2011\/03\/dec1.jpg?resize=432%2C576\" alt=\"\" width=\"432\" height=\"576\" data-recalc-dims=\"1\" \/><\/p>\n<p style=\"text-align: center\"><img decoding=\"async\" loading=\"lazy\" class=\"aligncenter size-full wp-image-6794\" src=\"https:\/\/i0.wp.com\/www.agrund.com\/arquivo\/notas\/files\/2011\/03\/dec21.jpg?resize=432%2C576\" alt=\"\" width=\"432\" height=\"576\" data-recalc-dims=\"1\" \/><\/p>\n<p style=\"text-align: center\"><img decoding=\"async\" loading=\"lazy\" class=\"aligncenter size-full wp-image-6793\" src=\"https:\/\/i0.wp.com\/www.agrund.com\/arquivo\/notas\/files\/2011\/03\/dec4.jpg?resize=432%2C576\" alt=\"\" width=\"432\" height=\"576\" data-recalc-dims=\"1\" \/><img decoding=\"async\" loading=\"lazy\" class=\"aligncenter size-full wp-image-6792\" src=\"https:\/\/i0.wp.com\/www.agrund.com\/arquivo\/notas\/files\/2011\/03\/dec3.jpg?resize=448%2C336\" alt=\"\" width=\"448\" height=\"336\" data-recalc-dims=\"1\" \/><\/p>\n","protected":false},"excerpt":{"rendered":"<p>At\u00e9 o dia 8 de maio de 20111, acontece no Mus\u00e9e Les Arts D\u00e9coratifs a exposi\u00e7\u00e3o \u201c Les ann\u00e9es 1990-2000. Histoire id\u00e9ale de La mode contemporaine vl.II\u201d. A mostra a evolu\u00e7\u00e3o da moda na \u00faltima d\u00e9cada, e como ela foi influenciada pela situa\u00e7\u00e3o s\u00f3cio pol\u00edtica do mundo. S\u00e3o 150 looks dos mais importantes criadores \u2013 [&hellip;]<\/p>\n","protected":false},"author":8,"featured_media":6790,"comment_status":"open","ping_status":"open","sticky":false,"template":"","format":"standard","meta":{"jetpack_post_was_ever_published":false,"_jetpack_newsletter_access":"","jetpack_publicize_message":"","jetpack_is_tweetstorm":false,"jetpack_publicize_feature_enabled":true,"jetpack_social_post_already_shared":false,"jetpack_social_options":{"image_generator_settings":{"template":"highway","enabled":false}}},"categories":[2],"tags":[],"jetpack_publicize_connections":[],"jetpack_featured_media_url":"","jetpack_sharing_enabled":true,"jetpack_shortlink":"https:\/\/wp.me\/p3Hz0n-1Lu","jetpack_likes_enabled":true,"_links":{"self":[{"href":"https:\/\/agrund.com\/index.php\/wp-json\/wp\/v2\/posts\/6788"}],"collection":[{"href":"https:\/\/agrund.com\/index.php\/wp-json\/wp\/v2\/posts"}],"about":[{"href":"https:\/\/agrund.com\/index.php\/wp-json\/wp\/v2\/types\/post"}],"author":[{"embeddable":true,"href":"https:\/\/agrund.com\/index.php\/wp-json\/wp\/v2\/users\/8"}],"replies":[{"embeddable":true,"href":"https:\/\/agrund.com\/index.php\/wp-json\/wp\/v2\/comments?post=6788"}],"version-history":[{"count":0,"href":"https:\/\/agrund.com\/index.php\/wp-json\/wp\/v2\/posts\/6788\/revisions"}],"wp:featuredmedia":[{"embeddable":true,"href":"https:\/\/agrund.com\/index.php\/wp-json\/"}],"wp:attachment":[{"href":"https:\/\/agrund.com\/index.php\/wp-json\/wp\/v2\/media?parent=6788"}],"wp:term":[{"taxonomy":"category","embeddable":true,"href":"https:\/\/agrund.com\/index.php\/wp-json\/wp\/v2\/categories?post=6788"},{"taxonomy":"post_tag","embeddable":true,"href":"https:\/\/agrund.com\/index.php\/wp-json\/wp\/v2\/tags?post=6788"}],"curies":[{"name":"wp","href":"https:\/\/api.w.org\/{rel}","templated":true}]}}