{"id":67786,"date":"2013-04-08T18:30:07","date_gmt":"2013-04-08T21:30:07","guid":{"rendered":"http:\/\/www.agrund.com\/?p=67786"},"modified":"2013-04-08T18:30:07","modified_gmt":"2013-04-08T21:30:07","slug":"a-nova-fragrancia-da-comme-des-garcons","status":"publish","type":"post","link":"https:\/\/agrund.com\/index.php\/a-nova-fragrancia-da-comme-des-garcons\/","title":{"rendered":"A nova fragr\u00e2ncia da Comme des Gar\u00e7ons"},"content":{"rendered":"<p>A Comme des Gar\u00e7ons est\u00e1 lan\u00e7ando sua nova fragr\u00e2ncia chamada \u201cBlack\u201d by Comme des Gar\u00e7ons Eau de Toilette. O perfume que traz notas de pimenta preta de Madagascar e incenso da Som\u00e1lia \u00e9 uma nova vers\u00e3o do j\u00e1 ent\u00e3o lan\u00e7ado em 2009<\/p>\n<p>Seu lan\u00e7amento mundial ser\u00e1 no pr\u00f3ximo dia 15 de abril. Confira:<\/p>\n<div id=\"attachment_67787\" style=\"width: 532px\" class=\"wp-caption aligncenter\"><a href=\"https:\/\/i0.wp.com\/www.agrund.com\/wp-content\/uploads\/2013\/04\/a-nova-fragrancia-da-comme-des-garcons.jpg\"><img aria-describedby=\"caption-attachment-67787\" decoding=\"async\" loading=\"lazy\" class=\" wp-image-67787 \" alt=\"A nova fragr\u00e2ncia da Comme des Gar\u00e7ons\" src=\"https:\/\/i0.wp.com\/www.agrund.com\/wp-content\/uploads\/2013\/04\/a-nova-fragrancia-da-comme-des-garcons.jpg?resize=522%2C407\" width=\"522\" height=\"407\" data-recalc-dims=\"1\" \/><\/a><p id=\"caption-attachment-67787\" class=\"wp-caption-text\">A nova fragr\u00e2ncia da Comme des Gar\u00e7ons<\/p><\/div>\n<p>Imagem: Reprodu\u00e7\u00e3o.<\/p>\n","protected":false},"excerpt":{"rendered":"<p>A Comme des Gar\u00e7ons est\u00e1 lan\u00e7ando sua nova fragr\u00e2ncia chamada \u201cBlack\u201d by Comme des Gar\u00e7ons Eau de Toilette. O perfume que traz notas de pimenta preta de Madagascar e incenso da Som\u00e1lia \u00e9 uma nova vers\u00e3o do j\u00e1 ent\u00e3o lan\u00e7ado em 2009 Seu lan\u00e7amento mundial ser\u00e1 no pr\u00f3ximo dia 15 de abril. Confira: Imagem: Reprodu\u00e7\u00e3o.<\/p>\n","protected":false},"author":8,"featured_media":67788,"comment_status":"open","ping_status":"open","sticky":false,"template":"","format":"standard","meta":{"jetpack_post_was_ever_published":false,"_jetpack_newsletter_access":"","jetpack_publicize_message":"","jetpack_is_tweetstorm":false,"jetpack_publicize_feature_enabled":true,"jetpack_social_post_already_shared":true,"jetpack_social_options":{"image_generator_settings":{"template":"highway","enabled":false}}},"categories":[6],"tags":[],"jetpack_publicize_connections":[],"jetpack_featured_media_url":"","jetpack_sharing_enabled":true,"jetpack_shortlink":"https:\/\/wp.me\/p3Hz0n-hDk","jetpack_likes_enabled":true,"_links":{"self":[{"href":"https:\/\/agrund.com\/index.php\/wp-json\/wp\/v2\/posts\/67786"}],"collection":[{"href":"https:\/\/agrund.com\/index.php\/wp-json\/wp\/v2\/posts"}],"about":[{"href":"https:\/\/agrund.com\/index.php\/wp-json\/wp\/v2\/types\/post"}],"author":[{"embeddable":true,"href":"https:\/\/agrund.com\/index.php\/wp-json\/wp\/v2\/users\/8"}],"replies":[{"embeddable":true,"href":"https:\/\/agrund.com\/index.php\/wp-json\/wp\/v2\/comments?post=67786"}],"version-history":[{"count":0,"href":"https:\/\/agrund.com\/index.php\/wp-json\/wp\/v2\/posts\/67786\/revisions"}],"wp:featuredmedia":[{"embeddable":true,"href":"https:\/\/agrund.com\/index.php\/wp-json\/"}],"wp:attachment":[{"href":"https:\/\/agrund.com\/index.php\/wp-json\/wp\/v2\/media?parent=67786"}],"wp:term":[{"taxonomy":"category","embeddable":true,"href":"https:\/\/agrund.com\/index.php\/wp-json\/wp\/v2\/categories?post=67786"},{"taxonomy":"post_tag","embeddable":true,"href":"https:\/\/agrund.com\/index.php\/wp-json\/wp\/v2\/tags?post=67786"}],"curies":[{"name":"wp","href":"https:\/\/api.w.org\/{rel}","templated":true}]}}