{"id":67771,"date":"2013-04-08T20:30:52","date_gmt":"2013-04-08T23:30:52","guid":{"rendered":"http:\/\/www.agrund.com\/?p=67771"},"modified":"2013-04-08T20:30:52","modified_gmt":"2013-04-08T23:30:52","slug":"david-bowie-ganha-espaco-na-selfridges","status":"publish","type":"post","link":"https:\/\/agrund.com\/index.php\/david-bowie-ganha-espaco-na-selfridges\/","title":{"rendered":"David Bowie ganha espa\u00e7o na Selfridges"},"content":{"rendered":"<p>A inglesa Selfridges inaugurou um espa\u00e7o em homenagem a David Bowie. O David Bowie is All Yours cont\u00e9m pe\u00e7as selecionadas por curadores da Decades, uma das lojas de roupas vintage mais importantes do mundo.<\/p>\n<p>Pe\u00e7as de renomados estilistas e marcas como Lanvin, Paul Smith, Alexander McQueen e Mary Katrantzou ganharam seu espa\u00e7o nas araras, todas inspiradas no estilo de Bowie.<\/p>\n<p>Al\u00e9m das roupas, os clientes tamb\u00e9m ter\u00e3o um espa\u00e7o para aprender a fazer as maquiagens ic\u00f4nicas do cantor. Veja:<\/p>\n<div id=\"attachment_67772\" style=\"width: 560px\" class=\"wp-caption aligncenter\"><a href=\"https:\/\/i0.wp.com\/www.agrund.com\/wp-content\/uploads\/2013\/04\/david-bowie-ganha-espaco-na-selfridges-1.jpg\"><img aria-describedby=\"caption-attachment-67772\" decoding=\"async\" loading=\"lazy\" class=\"size-full wp-image-67772\" alt=\"David Bowie ganha espa\u00e7o na Selfridges\" src=\"https:\/\/i0.wp.com\/www.agrund.com\/wp-content\/uploads\/2013\/04\/david-bowie-ganha-espaco-na-selfridges-1.jpg?resize=550%2C393\" width=\"550\" height=\"393\" data-recalc-dims=\"1\" \/><\/a><p id=\"caption-attachment-67772\" class=\"wp-caption-text\">David Bowie ganha espa\u00e7o na Selfridges<\/p><\/div>\n<div id=\"attachment_67773\" style=\"width: 560px\" class=\"wp-caption aligncenter\"><a href=\"https:\/\/i0.wp.com\/www.agrund.com\/wp-content\/uploads\/2013\/04\/david-bowie-ganha-espaco-na-selfridges-2.jpg\"><img aria-describedby=\"caption-attachment-67773\" decoding=\"async\" loading=\"lazy\" class=\"size-full wp-image-67773\" alt=\"David Bowie ganha espa\u00e7o na Selfridges\" src=\"https:\/\/i0.wp.com\/www.agrund.com\/wp-content\/uploads\/2013\/04\/david-bowie-ganha-espaco-na-selfridges-2.jpg?resize=550%2C393\" width=\"550\" height=\"393\" data-recalc-dims=\"1\" \/><\/a><p id=\"caption-attachment-67773\" class=\"wp-caption-text\">David Bowie ganha espa\u00e7o na Selfridges<\/p><\/div>\n<div id=\"attachment_67774\" style=\"width: 560px\" class=\"wp-caption aligncenter\"><a href=\"https:\/\/i0.wp.com\/www.agrund.com\/wp-content\/uploads\/2013\/04\/david-bowie-ganha-espaco-na-selfridges-3.jpg\"><img aria-describedby=\"caption-attachment-67774\" decoding=\"async\" loading=\"lazy\" class=\"size-full wp-image-67774\" alt=\"David Bowie ganha espa\u00e7o na Selfridges\" src=\"https:\/\/i0.wp.com\/www.agrund.com\/wp-content\/uploads\/2013\/04\/david-bowie-ganha-espaco-na-selfridges-3.jpg?resize=550%2C393\" width=\"550\" height=\"393\" data-recalc-dims=\"1\" \/><\/a><p id=\"caption-attachment-67774\" class=\"wp-caption-text\">David Bowie ganha espa\u00e7o na Selfridges<\/p><\/div>\n<p>Imagens: Reprodu\u00e7\u00e3o.<\/p>\n","protected":false},"excerpt":{"rendered":"<p>A inglesa Selfridges inaugurou um espa\u00e7o em homenagem a David Bowie. O David Bowie is All Yours cont\u00e9m pe\u00e7as selecionadas por curadores da Decades, uma das lojas de roupas vintage mais importantes do mundo. Pe\u00e7as de renomados estilistas e marcas como Lanvin, Paul Smith, Alexander McQueen e Mary Katrantzou ganharam seu espa\u00e7o nas araras, todas [&hellip;]<\/p>\n","protected":false},"author":8,"featured_media":67775,"comment_status":"open","ping_status":"open","sticky":false,"template":"","format":"standard","meta":{"jetpack_post_was_ever_published":false,"_jetpack_newsletter_access":"","jetpack_publicize_message":"","jetpack_is_tweetstorm":false,"jetpack_publicize_feature_enabled":true,"jetpack_social_post_already_shared":true,"jetpack_social_options":{"image_generator_settings":{"template":"highway","enabled":false}}},"categories":[6],"tags":[],"jetpack_publicize_connections":[],"jetpack_featured_media_url":"","jetpack_sharing_enabled":true,"jetpack_shortlink":"https:\/\/wp.me\/p3Hz0n-hD5","jetpack_likes_enabled":true,"_links":{"self":[{"href":"https:\/\/agrund.com\/index.php\/wp-json\/wp\/v2\/posts\/67771"}],"collection":[{"href":"https:\/\/agrund.com\/index.php\/wp-json\/wp\/v2\/posts"}],"about":[{"href":"https:\/\/agrund.com\/index.php\/wp-json\/wp\/v2\/types\/post"}],"author":[{"embeddable":true,"href":"https:\/\/agrund.com\/index.php\/wp-json\/wp\/v2\/users\/8"}],"replies":[{"embeddable":true,"href":"https:\/\/agrund.com\/index.php\/wp-json\/wp\/v2\/comments?post=67771"}],"version-history":[{"count":0,"href":"https:\/\/agrund.com\/index.php\/wp-json\/wp\/v2\/posts\/67771\/revisions"}],"wp:featuredmedia":[{"embeddable":true,"href":"https:\/\/agrund.com\/index.php\/wp-json\/"}],"wp:attachment":[{"href":"https:\/\/agrund.com\/index.php\/wp-json\/wp\/v2\/media?parent=67771"}],"wp:term":[{"taxonomy":"category","embeddable":true,"href":"https:\/\/agrund.com\/index.php\/wp-json\/wp\/v2\/categories?post=67771"},{"taxonomy":"post_tag","embeddable":true,"href":"https:\/\/agrund.com\/index.php\/wp-json\/wp\/v2\/tags?post=67771"}],"curies":[{"name":"wp","href":"https:\/\/api.w.org\/{rel}","templated":true}]}}