{"id":67649,"date":"2013-04-08T10:00:14","date_gmt":"2013-04-08T13:00:14","guid":{"rendered":"http:\/\/www.agrund.com\/?p=67649"},"modified":"2013-04-08T10:00:14","modified_gmt":"2013-04-08T13:00:14","slug":"pisada-colorida","status":"publish","type":"post","link":"https:\/\/agrund.com\/index.php\/pisada-colorida\/","title":{"rendered":"Pisada colorida"},"content":{"rendered":"<p>Os sapatos coloridos n\u00e3o s\u00e3o nenhuma novidade no mundo da moda, inclusive para os homens. No s\u00e9culo XVII, Lu\u00eds XIV, f\u00e3 declarado de sapatos, al\u00e9m de instituir os saltos para os nobres, tamb\u00e9m os pintou de vermelho. De l\u00e1 para c\u00e1, o acess\u00f3rio teve seus altos e baixos nos closets masculinos. Mas h\u00e1 alguns anos a tend\u00eancia do colorido est\u00e1<br \/>\nvoltando, e forte, para os p\u00e9s dos homens mais estilosos do planeta. E os pisantes divertidos s\u00e3o t\u00e3o inspiradores que j\u00e1 viraram at\u00e9 letra de m\u00fasica \u2013 Sapatos Coloridos.<\/p>\n<p>Escolhi alguns modelos que transitam do tradicional ao arrojado. O mais importante antes de voc\u00ea investir num par colorido, \u00e9 ter a certeza que ele combina com seu estilo. E para come\u00e7ar, roupas mais calmas como uma boa cal\u00e7a bege ou caqui com uma camisa branca ou um look monocrom\u00e1tico de cor escura d\u00e3o uma boa produ\u00e7\u00e3o para seu amado<br \/>\nou para voc\u00ea, amigo leitor, come\u00e7ar a usar cor na sua produ\u00e7\u00e3o.<\/p>\n<p>Os modelos das marcas Cole Haam, Dior e Dr.Martens t\u00eam uma pegada mais cl\u00e1ssica, por\u00e9m ganham uma vis\u00e3o mais contempor\u00e2nea quando cores s\u00e3o inseridas no acess\u00f3rio. O tradicional loafer da Gucci apareceu super colorido e bem a cara do homem italiano. J\u00e1 o ousado modelo Christian Louboutin, al\u00e9m das solas vermelhas caracter\u00edsticas, ganha spikes e \u00e9 elevado \u00e0 categoria de pe\u00e7a-chave no visual.<\/p>\n<p>E para os despojados, a Acne Studio, marca sueca, apresenta um modelo mais esportivo e que pode muito bem ser usado com sua bermuda ou cal\u00e7a curta. Agora \u00e9 s\u00f3 escolher o que voc\u00ea mais gosta e investir num bom modelo.<\/p>\n<div id=\"attachment_67671\" style=\"width: 560px\" class=\"wp-caption aligncenter\"><a href=\"https:\/\/i0.wp.com\/www.agrund.com\/wp-content\/uploads\/2013\/04\/Acne-1.jpg\"><img aria-describedby=\"caption-attachment-67671\" decoding=\"async\" loading=\"lazy\" class=\"size-full wp-image-67671\" alt=\"Pisada colorida - Acne\" src=\"https:\/\/i0.wp.com\/www.agrund.com\/wp-content\/uploads\/2013\/04\/Acne-1.jpg?resize=550%2C401\" width=\"550\" height=\"401\" data-recalc-dims=\"1\" \/><\/a><p id=\"caption-attachment-67671\" class=\"wp-caption-text\">Pisada colorida &#8211; Acne<\/p><\/div>\n<div id=\"attachment_67672\" style=\"width: 560px\" class=\"wp-caption aligncenter\"><a href=\"https:\/\/i0.wp.com\/www.agrund.com\/wp-content\/uploads\/2013\/04\/Cole-Haan-1.jpg\"><img aria-describedby=\"caption-attachment-67672\" decoding=\"async\" loading=\"lazy\" class=\"size-full wp-image-67672\" alt=\"Pisada colorida - Cole Haan\" src=\"https:\/\/i0.wp.com\/www.agrund.com\/wp-content\/uploads\/2013\/04\/Cole-Haan-1.jpg?resize=550%2C454\" width=\"550\" height=\"454\" data-recalc-dims=\"1\" \/><\/a><p id=\"caption-attachment-67672\" class=\"wp-caption-text\">Pisada colorida &#8211; Cole Haan<\/p><\/div>\n<div id=\"attachment_67673\" style=\"width: 560px\" class=\"wp-caption aligncenter\"><a href=\"https:\/\/i0.wp.com\/www.agrund.com\/wp-content\/uploads\/2013\/04\/Dior.jpg\"><img aria-describedby=\"caption-attachment-67673\" decoding=\"async\" loading=\"lazy\" class=\"size-full wp-image-67673\" alt=\"Dior\" src=\"https:\/\/i0.wp.com\/www.agrund.com\/wp-content\/uploads\/2013\/04\/Dior.jpg?resize=550%2C550\" width=\"550\" height=\"550\" data-recalc-dims=\"1\" \/><\/a><p id=\"caption-attachment-67673\" class=\"wp-caption-text\">Pisada colorida &#8211; Dior<\/p><\/div>\n<div id=\"attachment_67674\" style=\"width: 560px\" class=\"wp-caption aligncenter\"><a href=\"https:\/\/i0.wp.com\/www.agrund.com\/wp-content\/uploads\/2013\/04\/Dr-Martens-1.jpg\"><img aria-describedby=\"caption-attachment-67674\" decoding=\"async\" loading=\"lazy\" class=\"size-full wp-image-67674\" alt=\"Pisada colorida - Dr Martens\" src=\"https:\/\/i0.wp.com\/www.agrund.com\/wp-content\/uploads\/2013\/04\/Dr-Martens-1.jpg?resize=550%2C306\" width=\"550\" height=\"306\" data-recalc-dims=\"1\" \/><\/a><p id=\"caption-attachment-67674\" class=\"wp-caption-text\">Pisada colorida &#8211; Dr Martens<\/p><\/div>\n<div id=\"attachment_67675\" style=\"width: 560px\" class=\"wp-caption aligncenter\"><a href=\"https:\/\/i0.wp.com\/www.agrund.com\/wp-content\/uploads\/2013\/04\/Gucci-1.jpg\"><img aria-describedby=\"caption-attachment-67675\" decoding=\"async\" loading=\"lazy\" class=\"size-full wp-image-67675\" alt=\"Pisada colorida - Gucci\" src=\"https:\/\/i0.wp.com\/www.agrund.com\/wp-content\/uploads\/2013\/04\/Gucci-1.jpg?resize=550%2C446\" width=\"550\" height=\"446\" data-recalc-dims=\"1\" \/><\/a><p id=\"caption-attachment-67675\" class=\"wp-caption-text\">Pisada colorida &#8211; Gucci<\/p><\/div>\n<div id=\"attachment_67676\" style=\"width: 560px\" class=\"wp-caption aligncenter\"><a href=\"https:\/\/i0.wp.com\/www.agrund.com\/wp-content\/uploads\/2013\/04\/Louboutin.jpg\"><img aria-describedby=\"caption-attachment-67676\" decoding=\"async\" loading=\"lazy\" class=\"size-full wp-image-67676\" alt=\"Pisada colorida - Loboutin\" src=\"https:\/\/i0.wp.com\/www.agrund.com\/wp-content\/uploads\/2013\/04\/Louboutin.jpg?resize=550%2C280\" width=\"550\" height=\"280\" data-recalc-dims=\"1\" \/><\/a><p id=\"caption-attachment-67676\" class=\"wp-caption-text\">Pisada colorida &#8211; Loboutin<\/p><\/div>\n<p>Imagens: Reprodu\u00e7\u00e3o.<\/p>\n","protected":false},"excerpt":{"rendered":"<p>Os sapatos coloridos n\u00e3o s\u00e3o nenhuma novidade no mundo da moda, inclusive para os homens. No s\u00e9culo XVII, Lu\u00eds XIV, f\u00e3 declarado de sapatos, al\u00e9m de instituir os saltos para os nobres, tamb\u00e9m os pintou de vermelho. De l\u00e1 para c\u00e1, o acess\u00f3rio teve seus altos e baixos nos closets masculinos. Mas h\u00e1 alguns anos [&hellip;]<\/p>\n","protected":false},"author":8,"featured_media":67677,"comment_status":"open","ping_status":"open","sticky":false,"template":"","format":"standard","meta":{"jetpack_post_was_ever_published":false,"_jetpack_newsletter_access":"","jetpack_publicize_message":"","jetpack_is_tweetstorm":false,"jetpack_publicize_feature_enabled":true,"jetpack_social_post_already_shared":true,"jetpack_social_options":{"image_generator_settings":{"template":"highway","enabled":false}}},"categories":[6],"tags":[],"jetpack_publicize_connections":[],"jetpack_featured_media_url":"","jetpack_sharing_enabled":true,"jetpack_shortlink":"https:\/\/wp.me\/p3Hz0n-hB7","jetpack_likes_enabled":true,"_links":{"self":[{"href":"https:\/\/agrund.com\/index.php\/wp-json\/wp\/v2\/posts\/67649"}],"collection":[{"href":"https:\/\/agrund.com\/index.php\/wp-json\/wp\/v2\/posts"}],"about":[{"href":"https:\/\/agrund.com\/index.php\/wp-json\/wp\/v2\/types\/post"}],"author":[{"embeddable":true,"href":"https:\/\/agrund.com\/index.php\/wp-json\/wp\/v2\/users\/8"}],"replies":[{"embeddable":true,"href":"https:\/\/agrund.com\/index.php\/wp-json\/wp\/v2\/comments?post=67649"}],"version-history":[{"count":0,"href":"https:\/\/agrund.com\/index.php\/wp-json\/wp\/v2\/posts\/67649\/revisions"}],"wp:featuredmedia":[{"embeddable":true,"href":"https:\/\/agrund.com\/index.php\/wp-json\/"}],"wp:attachment":[{"href":"https:\/\/agrund.com\/index.php\/wp-json\/wp\/v2\/media?parent=67649"}],"wp:term":[{"taxonomy":"category","embeddable":true,"href":"https:\/\/agrund.com\/index.php\/wp-json\/wp\/v2\/categories?post=67649"},{"taxonomy":"post_tag","embeddable":true,"href":"https:\/\/agrund.com\/index.php\/wp-json\/wp\/v2\/tags?post=67649"}],"curies":[{"name":"wp","href":"https:\/\/api.w.org\/{rel}","templated":true}]}}