{"id":67106,"date":"2013-04-01T20:00:20","date_gmt":"2013-04-01T23:00:20","guid":{"rendered":"http:\/\/www.agrund.com\/?p=67106"},"modified":"2013-04-01T20:00:20","modified_gmt":"2013-04-01T23:00:20","slug":"hyundai-e-hermes-desenvolvem-o-novo-equus","status":"publish","type":"post","link":"https:\/\/agrund.com\/index.php\/hyundai-e-hermes-desenvolvem-o-novo-equus\/","title":{"rendered":"Hyundai e Herm\u00e8s desenvolvem o novo Equus"},"content":{"rendered":"<p>Em parceria com a Herm\u00e8s, a Hyundai apresentou no Sal\u00e3o do Autom\u00f3vel de Nova York um edi\u00e7\u00e3o de colecionador do seu sedan da linha Equus. O interior do carro ganhou acabamento e detalhes em couro selecionados pelos designers da Herm\u00e8s. Os pain\u00e9is das portas, por exemplo, s\u00e3o de couro de crocodilo, o que nos remete \u00e0s bolsas da grife. Um verdadeiro luxo! No v\u00eddeo promocional da parceria voc\u00ea pode conferir todos os detalhes do carro. Assista:<\/p>\n<p><span class=\"embed-youtube\" style=\"text-align:center; display: block;\"><iframe loading=\"lazy\" class=\"youtube-player\" width=\"640\" height=\"360\" src=\"https:\/\/www.youtube.com\/embed\/FRElPSIFNE0?version=3&#038;rel=1&#038;showsearch=0&#038;showinfo=1&#038;iv_load_policy=1&#038;fs=1&#038;hl=pt-BR&#038;autohide=2&#038;wmode=transparent\" allowfullscreen=\"true\" style=\"border:0;\" sandbox=\"allow-scripts allow-same-origin allow-popups allow-presentation\"><\/iframe><\/span><\/p>\n<div id=\"attachment_67107\" style=\"width: 560px\" class=\"wp-caption aligncenter\"><a href=\"https:\/\/i0.wp.com\/www.agrund.com\/wp-content\/uploads\/2013\/04\/hyundai-e-hermes-desenvolvem-o-novo-equus-2.jpg\"><img aria-describedby=\"caption-attachment-67107\" decoding=\"async\" loading=\"lazy\" class=\"size-full wp-image-67107\" alt=\"Hyundai e Herm\u00e8s desenvolvem o novo Equus\" src=\"https:\/\/i0.wp.com\/www.agrund.com\/wp-content\/uploads\/2013\/04\/hyundai-e-hermes-desenvolvem-o-novo-equus-2.jpg?resize=550%2C366\" width=\"550\" height=\"366\" data-recalc-dims=\"1\" \/><\/a><p id=\"caption-attachment-67107\" class=\"wp-caption-text\">Hyundai e Herm\u00e8s desenvolvem o novo Equus<\/p><\/div>\n<div id=\"attachment_67108\" style=\"width: 560px\" class=\"wp-caption aligncenter\"><a href=\"https:\/\/i0.wp.com\/www.agrund.com\/wp-content\/uploads\/2013\/04\/hyundai-e-hermes-desenvolvem-o-novo-equus-3.jpg\"><img aria-describedby=\"caption-attachment-67108\" decoding=\"async\" loading=\"lazy\" class=\"size-full wp-image-67108\" alt=\"Hyundai e Herm\u00e8s desenvolvem o novo Equus\" src=\"https:\/\/i0.wp.com\/www.agrund.com\/wp-content\/uploads\/2013\/04\/hyundai-e-hermes-desenvolvem-o-novo-equus-3.jpg?resize=550%2C413\" width=\"550\" height=\"413\" data-recalc-dims=\"1\" \/><\/a><p id=\"caption-attachment-67108\" class=\"wp-caption-text\">Hyundai e Herm\u00e8s desenvolvem o novo Equus<\/p><\/div>\n<div id=\"attachment_67109\" style=\"width: 560px\" class=\"wp-caption aligncenter\"><a href=\"https:\/\/i0.wp.com\/www.agrund.com\/wp-content\/uploads\/2013\/04\/hyundai-e-hermes-desenvolvem-o-novo-equus.jpg\"><img aria-describedby=\"caption-attachment-67109\" decoding=\"async\" loading=\"lazy\" class=\"size-full wp-image-67109\" alt=\"Hyundai e Herm\u00e8s desenvolvem o novo Equus\" src=\"https:\/\/i0.wp.com\/www.agrund.com\/wp-content\/uploads\/2013\/04\/hyundai-e-hermes-desenvolvem-o-novo-equus.jpg?resize=550%2C688\" width=\"550\" height=\"688\" data-recalc-dims=\"1\" \/><\/a><p id=\"caption-attachment-67109\" class=\"wp-caption-text\">Hyundai e Herm\u00e8s desenvolvem o novo Equus<\/p><\/div>\n<p>Imagens e V\u00eddeo: Reprodu\u00e7\u00e3o.<\/p>\n","protected":false},"excerpt":{"rendered":"<p>Em parceria com a Herm\u00e8s, a Hyundai apresentou no Sal\u00e3o do Autom\u00f3vel de Nova York um edi\u00e7\u00e3o de colecionador do seu sedan da linha Equus. O interior do carro ganhou acabamento e detalhes em couro selecionados pelos designers da Herm\u00e8s. Os pain\u00e9is das portas, por exemplo, s\u00e3o de couro de crocodilo, o que nos remete [&hellip;]<\/p>\n","protected":false},"author":8,"featured_media":67110,"comment_status":"open","ping_status":"open","sticky":false,"template":"","format":"standard","meta":{"jetpack_post_was_ever_published":false,"_jetpack_newsletter_access":"","jetpack_publicize_message":"","jetpack_is_tweetstorm":false,"jetpack_publicize_feature_enabled":true,"jetpack_social_post_already_shared":true,"jetpack_social_options":{"image_generator_settings":{"template":"highway","enabled":false}}},"categories":[6],"tags":[],"jetpack_publicize_connections":[],"jetpack_featured_media_url":"","jetpack_sharing_enabled":true,"jetpack_shortlink":"https:\/\/wp.me\/p3Hz0n-hsm","jetpack_likes_enabled":true,"_links":{"self":[{"href":"https:\/\/agrund.com\/index.php\/wp-json\/wp\/v2\/posts\/67106"}],"collection":[{"href":"https:\/\/agrund.com\/index.php\/wp-json\/wp\/v2\/posts"}],"about":[{"href":"https:\/\/agrund.com\/index.php\/wp-json\/wp\/v2\/types\/post"}],"author":[{"embeddable":true,"href":"https:\/\/agrund.com\/index.php\/wp-json\/wp\/v2\/users\/8"}],"replies":[{"embeddable":true,"href":"https:\/\/agrund.com\/index.php\/wp-json\/wp\/v2\/comments?post=67106"}],"version-history":[{"count":0,"href":"https:\/\/agrund.com\/index.php\/wp-json\/wp\/v2\/posts\/67106\/revisions"}],"wp:featuredmedia":[{"embeddable":true,"href":"https:\/\/agrund.com\/index.php\/wp-json\/"}],"wp:attachment":[{"href":"https:\/\/agrund.com\/index.php\/wp-json\/wp\/v2\/media?parent=67106"}],"wp:term":[{"taxonomy":"category","embeddable":true,"href":"https:\/\/agrund.com\/index.php\/wp-json\/wp\/v2\/categories?post=67106"},{"taxonomy":"post_tag","embeddable":true,"href":"https:\/\/agrund.com\/index.php\/wp-json\/wp\/v2\/tags?post=67106"}],"curies":[{"name":"wp","href":"https:\/\/api.w.org\/{rel}","templated":true}]}}