{"id":67047,"date":"2013-04-01T13:00:51","date_gmt":"2013-04-01T16:00:51","guid":{"rendered":"http:\/\/www.agrund.com\/?p=67047"},"modified":"2013-04-01T13:00:51","modified_gmt":"2013-04-01T16:00:51","slug":"reserva-homenageia-icones-da-musica","status":"publish","type":"post","link":"https:\/\/agrund.com\/index.php\/reserva-homenageia-icones-da-musica\/","title":{"rendered":"Reserva  homenageia  \u00edcones da m\u00fasica"},"content":{"rendered":"<p>A marca masculina Reserva homenageia alguns \u00edcones da m\u00fasica em seu inverno 2013. Com o tema &#8220;Inspiradores&#8221;, a campanha transp\u00f5e a beleza de um jeito \u00fanico e a marca segue sugest\u00f5es de Bob Marley, Bowie, Elvis Presley, Cazuza e outros.<\/p>\n<p>Os cliques s\u00e3o de Fernando Young, styling de Felipe Veloso, casting de Cand\u00e9 Salles e make de Carol Bicudo e Carla Biriba (Blis Me).<\/p>\n<div id=\"attachment_67048\" style=\"width: 510px\" class=\"wp-caption aligncenter\"><a href=\"https:\/\/i0.wp.com\/www.agrund.com\/wp-content\/uploads\/2013\/04\/reserva-homenageia-icones-da-musica-1.jpg\"><img aria-describedby=\"caption-attachment-67048\" decoding=\"async\" loading=\"lazy\" class=\"size-full wp-image-67048\" alt=\"Reserva  homenageia  \u00edcones da m\u00fasica\" src=\"https:\/\/i0.wp.com\/www.agrund.com\/wp-content\/uploads\/2013\/04\/reserva-homenageia-icones-da-musica-1.jpg?resize=500%2C333\" width=\"500\" height=\"333\" data-recalc-dims=\"1\" \/><\/a><p id=\"caption-attachment-67048\" class=\"wp-caption-text\">Reserva homenageia \u00edcones da m\u00fasica<\/p><\/div>\n<div id=\"attachment_67049\" style=\"width: 510px\" class=\"wp-caption aligncenter\"><a href=\"https:\/\/i0.wp.com\/www.agrund.com\/wp-content\/uploads\/2013\/04\/reserva-homenageia-icones-da-musica-2.jpg\"><img aria-describedby=\"caption-attachment-67049\" decoding=\"async\" loading=\"lazy\" class=\"size-full wp-image-67049\" alt=\"Reserva  homenageia  \u00edcones da m\u00fasica\" src=\"https:\/\/i0.wp.com\/www.agrund.com\/wp-content\/uploads\/2013\/04\/reserva-homenageia-icones-da-musica-2.jpg?resize=500%2C671\" width=\"500\" height=\"671\" data-recalc-dims=\"1\" \/><\/a><p id=\"caption-attachment-67049\" class=\"wp-caption-text\">Reserva homenageia \u00edcones da m\u00fasica<\/p><\/div>\n<div id=\"attachment_67050\" style=\"width: 510px\" class=\"wp-caption aligncenter\"><a href=\"https:\/\/i0.wp.com\/www.agrund.com\/wp-content\/uploads\/2013\/04\/reserva-homenageia-icones-da-musica-3.jpg\"><img aria-describedby=\"caption-attachment-67050\" decoding=\"async\" loading=\"lazy\" class=\"size-full wp-image-67050\" alt=\"Reserva  homenageia  \u00edcones da m\u00fasica\" src=\"https:\/\/i0.wp.com\/www.agrund.com\/wp-content\/uploads\/2013\/04\/reserva-homenageia-icones-da-musica-3.jpg?resize=500%2C750\" width=\"500\" height=\"750\" data-recalc-dims=\"1\" \/><\/a><p id=\"caption-attachment-67050\" class=\"wp-caption-text\">Reserva homenageia \u00edcones da m\u00fasica<\/p><\/div>\n<div id=\"attachment_67051\" style=\"width: 510px\" class=\"wp-caption aligncenter\"><a href=\"https:\/\/i0.wp.com\/www.agrund.com\/wp-content\/uploads\/2013\/04\/reserva-homenageia-icones-da-musica-4.jpg\"><img aria-describedby=\"caption-attachment-67051\" decoding=\"async\" loading=\"lazy\" class=\"size-full wp-image-67051\" alt=\"Reserva  homenageia  \u00edcones da m\u00fasica\" src=\"https:\/\/i0.wp.com\/www.agrund.com\/wp-content\/uploads\/2013\/04\/reserva-homenageia-icones-da-musica-4.jpg?resize=500%2C750\" width=\"500\" height=\"750\" data-recalc-dims=\"1\" \/><\/a><p id=\"caption-attachment-67051\" class=\"wp-caption-text\">Reserva homenageia \u00edcones da m\u00fasica<\/p><\/div>\n<div id=\"attachment_67052\" style=\"width: 510px\" class=\"wp-caption aligncenter\"><a href=\"https:\/\/i0.wp.com\/www.agrund.com\/wp-content\/uploads\/2013\/04\/reserva-homenageia-icones-da-musica-5.jpg\"><img aria-describedby=\"caption-attachment-67052\" decoding=\"async\" loading=\"lazy\" class=\"size-full wp-image-67052\" alt=\"Reserva  homenageia  \u00edcones da m\u00fasica\" src=\"https:\/\/i0.wp.com\/www.agrund.com\/wp-content\/uploads\/2013\/04\/reserva-homenageia-icones-da-musica-5.jpg?resize=500%2C750\" width=\"500\" height=\"750\" data-recalc-dims=\"1\" \/><\/a><p id=\"caption-attachment-67052\" class=\"wp-caption-text\">Reserva homenageia \u00edcones da m\u00fasica<\/p><\/div>\n<p>Imagens: Divulga\u00e7\u00e3o.<\/p>\n","protected":false},"excerpt":{"rendered":"<p>A marca masculina Reserva homenageia alguns \u00edcones da m\u00fasica em seu inverno 2013. Com o tema &#8220;Inspiradores&#8221;, a campanha transp\u00f5e a beleza de um jeito \u00fanico e a marca segue sugest\u00f5es de Bob Marley, Bowie, Elvis Presley, Cazuza e outros. Os cliques s\u00e3o de Fernando Young, styling de Felipe Veloso, casting de Cand\u00e9 Salles e [&hellip;]<\/p>\n","protected":false},"author":8,"featured_media":67053,"comment_status":"open","ping_status":"open","sticky":false,"template":"","format":"standard","meta":{"jetpack_post_was_ever_published":false,"_jetpack_newsletter_access":"","jetpack_publicize_message":"","jetpack_is_tweetstorm":false,"jetpack_publicize_feature_enabled":true,"jetpack_social_post_already_shared":true,"jetpack_social_options":{"image_generator_settings":{"template":"highway","enabled":false}}},"categories":[6],"tags":[],"jetpack_publicize_connections":[],"jetpack_featured_media_url":"","jetpack_sharing_enabled":true,"jetpack_shortlink":"https:\/\/wp.me\/p3Hz0n-hrp","jetpack_likes_enabled":true,"_links":{"self":[{"href":"https:\/\/agrund.com\/index.php\/wp-json\/wp\/v2\/posts\/67047"}],"collection":[{"href":"https:\/\/agrund.com\/index.php\/wp-json\/wp\/v2\/posts"}],"about":[{"href":"https:\/\/agrund.com\/index.php\/wp-json\/wp\/v2\/types\/post"}],"author":[{"embeddable":true,"href":"https:\/\/agrund.com\/index.php\/wp-json\/wp\/v2\/users\/8"}],"replies":[{"embeddable":true,"href":"https:\/\/agrund.com\/index.php\/wp-json\/wp\/v2\/comments?post=67047"}],"version-history":[{"count":0,"href":"https:\/\/agrund.com\/index.php\/wp-json\/wp\/v2\/posts\/67047\/revisions"}],"wp:featuredmedia":[{"embeddable":true,"href":"https:\/\/agrund.com\/index.php\/wp-json\/"}],"wp:attachment":[{"href":"https:\/\/agrund.com\/index.php\/wp-json\/wp\/v2\/media?parent=67047"}],"wp:term":[{"taxonomy":"category","embeddable":true,"href":"https:\/\/agrund.com\/index.php\/wp-json\/wp\/v2\/categories?post=67047"},{"taxonomy":"post_tag","embeddable":true,"href":"https:\/\/agrund.com\/index.php\/wp-json\/wp\/v2\/tags?post=67047"}],"curies":[{"name":"wp","href":"https:\/\/api.w.org\/{rel}","templated":true}]}}