{"id":67031,"date":"2013-04-01T10:00:56","date_gmt":"2013-04-01T13:00:56","guid":{"rendered":"http:\/\/www.agrund.com\/?p=67031"},"modified":"2013-04-01T10:00:56","modified_gmt":"2013-04-01T13:00:56","slug":"bruno-conte-lanca-colecao-de-inverno-2013","status":"publish","type":"post","link":"https:\/\/agrund.com\/index.php\/bruno-conte-lanca-colecao-de-inverno-2013\/","title":{"rendered":"Bruno Conte lan\u00e7a Cole\u00e7\u00e3o de Inverno 2013"},"content":{"rendered":"<p>A grife paulistana Bruno Conte apresenta sua Cole\u00e7\u00e3o de Inverno 2013 reunindo mais de 400 pe\u00e7as de vestu\u00e1rio masculino. Entre camisas, ternos, jaquetas e blazers, a cole\u00e7\u00e3o se inspirou na eleg\u00e2ncia dos frequentadores das corridas de cavalos e trazem modelagem moderna e atual, aliada \u00e0 tradi\u00e7\u00e3o dos cortes italianos. No cat\u00e1logo da cole\u00e7\u00e3o, o modelo sul-africano Beukes<br \/>\nCremer foi fotografado no Jockey Club de S\u00e3o Paulo. Confira !<\/p>\n<div id=\"attachment_67032\" style=\"width: 510px\" class=\"wp-caption aligncenter\"><a href=\"https:\/\/i0.wp.com\/www.agrund.com\/wp-content\/uploads\/2013\/04\/Bruno-Conte-Cole\u00e7\u00e3o-Inverno-2013-03.jpg\"><img aria-describedby=\"caption-attachment-67032\" decoding=\"async\" loading=\"lazy\" class=\"size-full wp-image-67032\" alt=\"Bruno Conte lan\u00e7a Cole\u00e7\u00e3o de Inverno 2013\" src=\"https:\/\/i0.wp.com\/www.agrund.com\/wp-content\/uploads\/2013\/04\/Bruno-Conte-Cole\u00e7\u00e3o-Inverno-2013-03.jpg?resize=500%2C625\" width=\"500\" height=\"625\" data-recalc-dims=\"1\" \/><\/a><p id=\"caption-attachment-67032\" class=\"wp-caption-text\">Bruno Conte lan\u00e7a Cole\u00e7\u00e3o de Inverno 2013<\/p><\/div>\n<div id=\"attachment_67033\" style=\"width: 510px\" class=\"wp-caption aligncenter\"><a href=\"https:\/\/i0.wp.com\/www.agrund.com\/wp-content\/uploads\/2013\/04\/Bruno-Conte-Cole\u00e7\u00e3o-Inverno-2013-04.jpg\"><img aria-describedby=\"caption-attachment-67033\" decoding=\"async\" loading=\"lazy\" class=\"size-full wp-image-67033\" alt=\"Bruno Conte lan\u00e7a Cole\u00e7\u00e3o de Inverno 2013\" src=\"https:\/\/i0.wp.com\/www.agrund.com\/wp-content\/uploads\/2013\/04\/Bruno-Conte-Cole\u00e7\u00e3o-Inverno-2013-04.jpg?resize=500%2C625\" width=\"500\" height=\"625\" data-recalc-dims=\"1\" \/><\/a><p id=\"caption-attachment-67033\" class=\"wp-caption-text\">Bruno Conte lan\u00e7a Cole\u00e7\u00e3o de Inverno 2013<\/p><\/div>\n<div id=\"attachment_67034\" style=\"width: 510px\" class=\"wp-caption aligncenter\"><a href=\"https:\/\/i0.wp.com\/www.agrund.com\/wp-content\/uploads\/2013\/04\/Bruno-Conte-Cole\u00e7\u00e3o-Inverno-2013-07.jpg\"><img aria-describedby=\"caption-attachment-67034\" decoding=\"async\" loading=\"lazy\" class=\"size-full wp-image-67034\" alt=\"Bruno Conte lan\u00e7a Cole\u00e7\u00e3o de Inverno 2013\" src=\"https:\/\/i0.wp.com\/www.agrund.com\/wp-content\/uploads\/2013\/04\/Bruno-Conte-Cole\u00e7\u00e3o-Inverno-2013-07.jpg?resize=500%2C625\" width=\"500\" height=\"625\" data-recalc-dims=\"1\" \/><\/a><p id=\"caption-attachment-67034\" class=\"wp-caption-text\">Bruno Conte lan\u00e7a Cole\u00e7\u00e3o de Inverno 2013<\/p><\/div>\n<div id=\"attachment_67035\" style=\"width: 510px\" class=\"wp-caption aligncenter\"><a href=\"https:\/\/i0.wp.com\/www.agrund.com\/wp-content\/uploads\/2013\/04\/Bruno-Conte-Cole\u00e7\u00e3o-Inverno-2013-09.jpg\"><img aria-describedby=\"caption-attachment-67035\" decoding=\"async\" loading=\"lazy\" class=\"size-full wp-image-67035\" alt=\"Bruno Conte lan\u00e7a Cole\u00e7\u00e3o de Inverno 2013\" src=\"https:\/\/i0.wp.com\/www.agrund.com\/wp-content\/uploads\/2013\/04\/Bruno-Conte-Cole\u00e7\u00e3o-Inverno-2013-09.jpg?resize=500%2C625\" width=\"500\" height=\"625\" data-recalc-dims=\"1\" \/><\/a><p id=\"caption-attachment-67035\" class=\"wp-caption-text\">Bruno Conte lan\u00e7a Cole\u00e7\u00e3o de Inverno 2013<\/p><\/div>\n<div id=\"attachment_67036\" style=\"width: 510px\" class=\"wp-caption aligncenter\"><a href=\"https:\/\/i0.wp.com\/www.agrund.com\/wp-content\/uploads\/2013\/04\/Bruno-Conte-Cole\u00e7\u00e3o-Inverno-2013-10.jpg\"><img aria-describedby=\"caption-attachment-67036\" decoding=\"async\" loading=\"lazy\" class=\"size-full wp-image-67036\" alt=\"Bruno Conte lan\u00e7a Cole\u00e7\u00e3o de Inverno 2013\" src=\"https:\/\/i0.wp.com\/www.agrund.com\/wp-content\/uploads\/2013\/04\/Bruno-Conte-Cole\u00e7\u00e3o-Inverno-2013-10.jpg?resize=500%2C625\" width=\"500\" height=\"625\" data-recalc-dims=\"1\" \/><\/a><p id=\"caption-attachment-67036\" class=\"wp-caption-text\">Bruno Conte lan\u00e7a Cole\u00e7\u00e3o de Inverno 2013<\/p><\/div>\n<div id=\"attachment_67037\" style=\"width: 510px\" class=\"wp-caption aligncenter\"><a href=\"https:\/\/i0.wp.com\/www.agrund.com\/wp-content\/uploads\/2013\/04\/Bruno-Conte-Cole\u00e7\u00e3o-Inverno-2013-13.jpg\"><img aria-describedby=\"caption-attachment-67037\" decoding=\"async\" loading=\"lazy\" class=\"size-full wp-image-67037\" alt=\"Bruno Conte lan\u00e7a Cole\u00e7\u00e3o de Inverno 2013\" src=\"https:\/\/i0.wp.com\/www.agrund.com\/wp-content\/uploads\/2013\/04\/Bruno-Conte-Cole\u00e7\u00e3o-Inverno-2013-13.jpg?resize=500%2C625\" width=\"500\" height=\"625\" data-recalc-dims=\"1\" \/><\/a><p id=\"caption-attachment-67037\" class=\"wp-caption-text\">Bruno Conte lan\u00e7a Cole\u00e7\u00e3o de Inverno 2013<\/p><\/div>\n<div id=\"attachment_67038\" style=\"width: 510px\" class=\"wp-caption aligncenter\"><a href=\"https:\/\/i0.wp.com\/www.agrund.com\/wp-content\/uploads\/2013\/04\/Bruno-Conte-Cole\u00e7\u00e3o-Inverno-2013-19.jpg\"><img aria-describedby=\"caption-attachment-67038\" decoding=\"async\" loading=\"lazy\" class=\"size-full wp-image-67038\" alt=\"Bruno Conte lan\u00e7a Cole\u00e7\u00e3o de Inverno 2013\" src=\"https:\/\/i0.wp.com\/www.agrund.com\/wp-content\/uploads\/2013\/04\/Bruno-Conte-Cole\u00e7\u00e3o-Inverno-2013-19.jpg?resize=500%2C625\" width=\"500\" height=\"625\" data-recalc-dims=\"1\" \/><\/a><p id=\"caption-attachment-67038\" class=\"wp-caption-text\">Bruno Conte lan\u00e7a Cole\u00e7\u00e3o de Inverno 2013<\/p><\/div>\n<p>Imagens: Reprodu\u00e7\u00e3o.<\/p>\n","protected":false},"excerpt":{"rendered":"<p>A grife paulistana Bruno Conte apresenta sua Cole\u00e7\u00e3o de Inverno 2013 reunindo mais de 400 pe\u00e7as de vestu\u00e1rio masculino. Entre camisas, ternos, jaquetas e blazers, a cole\u00e7\u00e3o se inspirou na eleg\u00e2ncia dos frequentadores das corridas de cavalos e trazem modelagem moderna e atual, aliada \u00e0 tradi\u00e7\u00e3o dos cortes italianos. No cat\u00e1logo da cole\u00e7\u00e3o, o modelo [&hellip;]<\/p>\n","protected":false},"author":8,"featured_media":67039,"comment_status":"open","ping_status":"open","sticky":false,"template":"","format":"standard","meta":{"jetpack_post_was_ever_published":false,"_jetpack_newsletter_access":"","jetpack_publicize_message":"","jetpack_is_tweetstorm":false,"jetpack_publicize_feature_enabled":true,"jetpack_social_post_already_shared":true,"jetpack_social_options":{"image_generator_settings":{"template":"highway","enabled":false}}},"categories":[6],"tags":[],"jetpack_publicize_connections":[],"jetpack_featured_media_url":"","jetpack_sharing_enabled":true,"jetpack_shortlink":"https:\/\/wp.me\/p3Hz0n-hr9","jetpack_likes_enabled":true,"_links":{"self":[{"href":"https:\/\/agrund.com\/index.php\/wp-json\/wp\/v2\/posts\/67031"}],"collection":[{"href":"https:\/\/agrund.com\/index.php\/wp-json\/wp\/v2\/posts"}],"about":[{"href":"https:\/\/agrund.com\/index.php\/wp-json\/wp\/v2\/types\/post"}],"author":[{"embeddable":true,"href":"https:\/\/agrund.com\/index.php\/wp-json\/wp\/v2\/users\/8"}],"replies":[{"embeddable":true,"href":"https:\/\/agrund.com\/index.php\/wp-json\/wp\/v2\/comments?post=67031"}],"version-history":[{"count":0,"href":"https:\/\/agrund.com\/index.php\/wp-json\/wp\/v2\/posts\/67031\/revisions"}],"wp:featuredmedia":[{"embeddable":true,"href":"https:\/\/agrund.com\/index.php\/wp-json\/"}],"wp:attachment":[{"href":"https:\/\/agrund.com\/index.php\/wp-json\/wp\/v2\/media?parent=67031"}],"wp:term":[{"taxonomy":"category","embeddable":true,"href":"https:\/\/agrund.com\/index.php\/wp-json\/wp\/v2\/categories?post=67031"},{"taxonomy":"post_tag","embeddable":true,"href":"https:\/\/agrund.com\/index.php\/wp-json\/wp\/v2\/tags?post=67031"}],"curies":[{"name":"wp","href":"https:\/\/api.w.org\/{rel}","templated":true}]}}