{"id":67007,"date":"2013-04-01T09:30:16","date_gmt":"2013-04-01T12:30:16","guid":{"rendered":"http:\/\/www.agrund.com\/?p=67007"},"modified":"2013-04-01T09:30:16","modified_gmt":"2013-04-01T12:30:16","slug":"a-vez-deles-na-passarela-da-spfw","status":"publish","type":"post","link":"https:\/\/agrund.com\/index.php\/a-vez-deles-na-passarela-da-spfw\/","title":{"rendered":"A vez deles na  passarela da SPFW"},"content":{"rendered":"<div>Entre os dias 18 e 22 de mar\u00e7o aconteceu a S\u00e3o Paulo Fashion Week na\u00a0Bienal. L\u00e1 foram apresentadas as cole\u00e7\u00f5es Ver\u00e3o 2014 de 25 marcas,\u00a0entre elas algumas masculinas. Ent\u00e3o, selecionei para voc\u00eas o que os\u00a0estilistas apostam para o homem vestir na pr\u00f3xima esta\u00e7\u00e3o.Amap\u00f4 \u2013 A dupla de estilistas Car\u00f4 Gold e Pitty Taliani buscaram uma\u00a0inspira\u00e7\u00e3o no fundo do mar. Sereias e piratas modernos sa\u00edram das\u00a0lendas e foram personificados na passarela. Para os garotos que podem\u00a0usar a marca, sim porque aqui estilo deve estar em primeiro lugar, a\u00a0proposta \u00e9 o oversized na desconstru\u00e7\u00e3o da alfaiataria em contra\u00a0partida \u00e0s cal\u00e7as ultra skinny. Uma inspira\u00e7\u00e3o buc\u00f3lica e com roupas\u00a0que vestem a tribo Amap\u00f4. E o short aparece como pe\u00e7a chave na\u00a0cole\u00e7\u00e3o.<\/p>\n<\/div>\n<div>\n<div id=\"attachment_67009\" style=\"width: 490px\" class=\"wp-caption aligncenter\"><a href=\"https:\/\/i0.wp.com\/www.agrund.com\/wp-content\/uploads\/2013\/04\/Amapo-11.jpg\"><img aria-describedby=\"caption-attachment-67009\" decoding=\"async\" loading=\"lazy\" class=\"size-full wp-image-67009\" alt=\"A vez deles na  passarela da SPFW - Amapo\" src=\"https:\/\/i0.wp.com\/www.agrund.com\/wp-content\/uploads\/2013\/04\/Amapo-11.jpg?resize=480%2C720\" width=\"480\" height=\"720\" data-recalc-dims=\"1\" \/><\/a><p id=\"caption-attachment-67009\" class=\"wp-caption-text\">A vez deles na passarela da SPFW &#8211; Amapo<\/p><\/div>\n<div id=\"attachment_67010\" style=\"width: 490px\" class=\"wp-caption aligncenter\"><a href=\"https:\/\/i0.wp.com\/www.agrund.com\/wp-content\/uploads\/2013\/04\/Amapo-2.jpg\"><img aria-describedby=\"caption-attachment-67010\" decoding=\"async\" loading=\"lazy\" class=\"size-full wp-image-67010\" alt=\"A vez deles na  passarela da SPFW - Amapo\" src=\"https:\/\/i0.wp.com\/www.agrund.com\/wp-content\/uploads\/2013\/04\/Amapo-2.jpg?resize=480%2C720\" width=\"480\" height=\"720\" data-recalc-dims=\"1\" \/><\/a><p id=\"caption-attachment-67010\" class=\"wp-caption-text\">A vez deles na passarela da SPFW &#8211; Amapo<\/p><\/div>\n<div id=\"attachment_67011\" style=\"width: 490px\" class=\"wp-caption aligncenter\"><a href=\"https:\/\/i0.wp.com\/www.agrund.com\/wp-content\/uploads\/2013\/04\/Amapo-3.jpg\"><img aria-describedby=\"caption-attachment-67011\" decoding=\"async\" loading=\"lazy\" class=\"size-full wp-image-67011\" alt=\"A vez deles na  passarela da SPFW - Amapo\" src=\"https:\/\/i0.wp.com\/www.agrund.com\/wp-content\/uploads\/2013\/04\/Amapo-3.jpg?resize=480%2C720\" width=\"480\" height=\"720\" data-recalc-dims=\"1\" \/><\/a><p id=\"caption-attachment-67011\" class=\"wp-caption-text\">A vez deles na passarela da SPFW &#8211; Amapo<\/p><\/div>\n<\/div>\n<div>Colcci \u2013 Uma das melhores cole\u00e7\u00f5es masculinas apresentadas na semana\u00a0de moda em Sampa. A marca dessa vez aposta na etnia e mostra estampas\u00a0inspiradas na cultura isl\u00e2mica. O homem proposto \u00e9 moderno e ousado,\u00a0ele mistura estampas novas com as cl\u00e1ssicas listras e po\u00e1s. Como\u00a0resultado, roupas gostosas de se ver e de usar. E se voc\u00ea n\u00e3o\u00a0consegue usar esse bombardeio de estampas, escolha a sua predileta e\u00a0monte com pe\u00e7as mais b\u00e1sicas. Destaque para a pe\u00e7a da temporada, o\u00a0short de alfaiataria.<\/div>\n<div>\n<div id=\"attachment_67012\" style=\"width: 610px\" class=\"wp-caption aligncenter\"><a href=\"https:\/\/i0.wp.com\/www.agrund.com\/wp-content\/uploads\/2013\/04\/Colcci-1.jpg\"><img aria-describedby=\"caption-attachment-67012\" decoding=\"async\" loading=\"lazy\" class=\"size-full wp-image-67012\" alt=\"A vez deles na  passarela da SPFW - Colcci\" src=\"https:\/\/i0.wp.com\/www.agrund.com\/wp-content\/uploads\/2013\/04\/Colcci-1.jpg?resize=600%2C900\" width=\"600\" height=\"900\" data-recalc-dims=\"1\" \/><\/a><p id=\"caption-attachment-67012\" class=\"wp-caption-text\">A vez deles na passarela da SPFW &#8211; Colcci<\/p><\/div>\n<div id=\"attachment_67013\" style=\"width: 395px\" class=\"wp-caption aligncenter\"><a href=\"https:\/\/i0.wp.com\/www.agrund.com\/wp-content\/uploads\/2013\/04\/Colcci-2.jpg\"><img aria-describedby=\"caption-attachment-67013\" decoding=\"async\" loading=\"lazy\" class=\"size-full wp-image-67013\" alt=\"A vez deles na  passarela da SPFW - Colcci\" src=\"https:\/\/i0.wp.com\/www.agrund.com\/wp-content\/uploads\/2013\/04\/Colcci-2.jpg?resize=385%2C579\" width=\"385\" height=\"579\" data-recalc-dims=\"1\" \/><\/a><p id=\"caption-attachment-67013\" class=\"wp-caption-text\">A vez deles na passarela da SPFW &#8211; Colcci<\/p><\/div>\n<div id=\"attachment_67014\" style=\"width: 395px\" class=\"wp-caption aligncenter\"><a href=\"https:\/\/i0.wp.com\/www.agrund.com\/wp-content\/uploads\/2013\/04\/Colcci-3.jpg\"><img aria-describedby=\"caption-attachment-67014\" decoding=\"async\" loading=\"lazy\" class=\"size-full wp-image-67014\" alt=\"A vez deles na  passarela da SPFW - Colcci\" src=\"https:\/\/i0.wp.com\/www.agrund.com\/wp-content\/uploads\/2013\/04\/Colcci-3.jpg?resize=385%2C579\" width=\"385\" height=\"579\" data-recalc-dims=\"1\" \/><\/a><p id=\"caption-attachment-67014\" class=\"wp-caption-text\">A vez deles na passarela da SPFW &#8211; Colcci<\/p><\/div>\n<p>Jo\u00e3o Pimenta \u2013 Dessa vez o estilista guardou as pantalonas e saias e\u00a0fez uma cole\u00e7\u00e3o mais comercial. Uniformes militares revisitados se\u00a0misturam a uma inspira\u00e7\u00e3o \u00e9tnica \u2013 ind\u00edgena. Tecidos mais encorpados e\u00a0cal\u00e7as curtas feitas para homens mais magros e longil\u00edneos. O short\u00a0tamb\u00e9m est\u00e1 presente na cole\u00e7\u00e3o mostrando um estilista mais calmo e com\u00a0olhos em uma nova fatia de mercado.<\/p>\n<\/div>\n<div>\n<div id=\"attachment_67015\" style=\"width: 560px\" class=\"wp-caption aligncenter\"><a href=\"https:\/\/i0.wp.com\/www.agrund.com\/wp-content\/uploads\/2013\/04\/JP-1.jpg\"><img aria-describedby=\"caption-attachment-67015\" decoding=\"async\" loading=\"lazy\" class=\"size-full wp-image-67015\" alt=\"A vez deles na  passarela da SPFW - Jo\u00e3o Pimenta\" src=\"https:\/\/i0.wp.com\/www.agrund.com\/wp-content\/uploads\/2013\/04\/JP-1.jpg?resize=550%2C825\" width=\"550\" height=\"825\" data-recalc-dims=\"1\" \/><\/a><p id=\"caption-attachment-67015\" class=\"wp-caption-text\">A vez deles na passarela da SPFW &#8211; Jo\u00e3o Pimenta<\/p><\/div>\n<div id=\"attachment_67016\" style=\"width: 560px\" class=\"wp-caption aligncenter\"><a href=\"https:\/\/i0.wp.com\/www.agrund.com\/wp-content\/uploads\/2013\/04\/JP-2.jpg\"><img aria-describedby=\"caption-attachment-67016\" decoding=\"async\" loading=\"lazy\" class=\"size-full wp-image-67016\" alt=\"A vez deles na  passarela da SPFW - Jo\u00e3o Pimenta\" src=\"https:\/\/i0.wp.com\/www.agrund.com\/wp-content\/uploads\/2013\/04\/JP-2.jpg?resize=550%2C825\" width=\"550\" height=\"825\" data-recalc-dims=\"1\" \/><\/a><p id=\"caption-attachment-67016\" class=\"wp-caption-text\">A vez deles na passarela da SPFW &#8211; Jo\u00e3o Pimenta<\/p><\/div>\n<div id=\"attachment_67017\" style=\"width: 560px\" class=\"wp-caption aligncenter\"><a href=\"https:\/\/i0.wp.com\/www.agrund.com\/wp-content\/uploads\/2013\/04\/JP-3.jpg\"><img aria-describedby=\"caption-attachment-67017\" decoding=\"async\" loading=\"lazy\" class=\"size-full wp-image-67017\" alt=\"A vez deles na  passarela da SPFW - Jo\u00e3o Pimenta\" src=\"https:\/\/i0.wp.com\/www.agrund.com\/wp-content\/uploads\/2013\/04\/JP-3.jpg?resize=550%2C825\" width=\"550\" height=\"825\" data-recalc-dims=\"1\" \/><\/a><p id=\"caption-attachment-67017\" class=\"wp-caption-text\">A vez deles na passarela da SPFW &#8211; Jo\u00e3o Pimenta<\/p><\/div>\n<p>Lino Villaventura \u2013 Perform\u00e1tico e teatral, a cole\u00e7\u00e3o de Lino tinha uma\u00a0mistura que trazia o tribal ind\u00edgena do Par\u00e1 e do nordeste com\u00a0cristais de origem Tcheca. Camisas com franzidos que imitavam espinha\u00a0de peixe e um belo bordado geom\u00e9trico, que foi feito para o mais\u00a0descolado da turma. Dessa vez as transpar\u00eancias apareceram calmas e\u00a0pontuais.<\/p>\n<\/div>\n<div>\n<div id=\"attachment_67018\" style=\"width: 510px\" class=\"wp-caption aligncenter\"><a href=\"https:\/\/i0.wp.com\/www.agrund.com\/wp-content\/uploads\/2013\/04\/Lino-1.jpg\"><img aria-describedby=\"caption-attachment-67018\" decoding=\"async\" loading=\"lazy\" class=\"size-full wp-image-67018\" alt=\"A vez deles na  passarela da SPFW - Lino Vilaventura\" src=\"https:\/\/i0.wp.com\/www.agrund.com\/wp-content\/uploads\/2013\/04\/Lino-1.jpg?resize=500%2C750\" width=\"500\" height=\"750\" data-recalc-dims=\"1\" \/><\/a><p id=\"caption-attachment-67018\" class=\"wp-caption-text\">A vez deles na passarela da SPFW &#8211; Lino Villaventura<\/p><\/div>\n<div id=\"attachment_67019\" style=\"width: 510px\" class=\"wp-caption aligncenter\"><a href=\"https:\/\/i0.wp.com\/www.agrund.com\/wp-content\/uploads\/2013\/04\/Lino-2.jpg\"><img aria-describedby=\"caption-attachment-67019\" decoding=\"async\" loading=\"lazy\" class=\"size-full wp-image-67019\" alt=\"A vez deles na  passarela da SPFW - Lino Vilaventura\" src=\"https:\/\/i0.wp.com\/www.agrund.com\/wp-content\/uploads\/2013\/04\/Lino-2.jpg?resize=500%2C750\" width=\"500\" height=\"750\" data-recalc-dims=\"1\" \/><\/a><p id=\"caption-attachment-67019\" class=\"wp-caption-text\">A vez deles na passarela da SPFW &#8211; Lino Villaventura<\/p><\/div>\n<div id=\"attachment_67020\" style=\"width: 510px\" class=\"wp-caption aligncenter\"><a href=\"https:\/\/i0.wp.com\/www.agrund.com\/wp-content\/uploads\/2013\/04\/Lino-3.jpg\"><img aria-describedby=\"caption-attachment-67020\" decoding=\"async\" loading=\"lazy\" class=\"size-full wp-image-67020\" alt=\"A vez deles na  passarela da SPFW - Lino Vilaventura\" src=\"https:\/\/i0.wp.com\/www.agrund.com\/wp-content\/uploads\/2013\/04\/Lino-3.jpg?resize=500%2C750\" width=\"500\" height=\"750\" data-recalc-dims=\"1\" \/><\/a><p id=\"caption-attachment-67020\" class=\"wp-caption-text\">A vez deles na passarela da SPFW &#8211; Lino Villaventura<\/p><\/div>\n<p>Triton \u2013 A marca trouxe o surfista n\u00f4made que vai atr\u00e1s de ondas por\u00a0todos os lugares do planeta. O melhor \u00e9 que, mesmo com tantos desafios\u00a0pela frente, ele n\u00e3o abre m\u00e3o do estilo. Chap\u00e9us e mochilas, que s\u00e3o\u00a0acess\u00f3rios indispens\u00e1veis e cl\u00e1ssicos, se unem a pe\u00e7as metalizadas e\u00a0deixam o garoto\/homem da marca cheio de bossa. Destaque para as\u00a0sand\u00e1lias metalizadas e para o shorts que tamb\u00e9m deu suas caras por aqui.<\/p>\n<\/div>\n<div>\n<div id=\"attachment_67021\" style=\"width: 560px\" class=\"wp-caption aligncenter\"><a href=\"https:\/\/i0.wp.com\/www.agrund.com\/wp-content\/uploads\/2013\/04\/Triton-1.jpg\"><img aria-describedby=\"caption-attachment-67021\" decoding=\"async\" loading=\"lazy\" class=\"size-full wp-image-67021\" alt=\"A vez deles na  passarela da SPFW - Triton\" src=\"https:\/\/i0.wp.com\/www.agrund.com\/wp-content\/uploads\/2013\/04\/Triton-1.jpg?resize=550%2C825\" width=\"550\" height=\"825\" data-recalc-dims=\"1\" \/><\/a><p id=\"caption-attachment-67021\" class=\"wp-caption-text\">A vez deles na passarela da SPFW &#8211; Triton<\/p><\/div>\n<div id=\"attachment_67022\" style=\"width: 560px\" class=\"wp-caption aligncenter\"><a href=\"https:\/\/i0.wp.com\/www.agrund.com\/wp-content\/uploads\/2013\/04\/Triton-2.jpg\"><img aria-describedby=\"caption-attachment-67022\" decoding=\"async\" loading=\"lazy\" class=\"size-full wp-image-67022\" alt=\"A vez deles na  passarela da SPFW - Triton\" src=\"https:\/\/i0.wp.com\/www.agrund.com\/wp-content\/uploads\/2013\/04\/Triton-2.jpg?resize=550%2C825\" width=\"550\" height=\"825\" data-recalc-dims=\"1\" \/><\/a><p id=\"caption-attachment-67022\" class=\"wp-caption-text\">A vez deles na passarela da SPFW &#8211; Triton<\/p><\/div>\n<div id=\"attachment_67023\" style=\"width: 560px\" class=\"wp-caption aligncenter\"><a href=\"https:\/\/i0.wp.com\/www.agrund.com\/wp-content\/uploads\/2013\/04\/Triton-3.jpg\"><img aria-describedby=\"caption-attachment-67023\" decoding=\"async\" loading=\"lazy\" class=\"size-full wp-image-67023\" alt=\"A vez deles na  passarela da SPFW - Triton\" src=\"https:\/\/i0.wp.com\/www.agrund.com\/wp-content\/uploads\/2013\/04\/Triton-3.jpg?resize=550%2C825\" width=\"550\" height=\"825\" data-recalc-dims=\"1\" \/><\/a><p id=\"caption-attachment-67023\" class=\"wp-caption-text\">A vez deles na passarela da SPFW &#8211; Triton<\/p><\/div>\n<p>Qual deles voc\u00ea acha que mais combina com seu o gato? Beijos e at\u00e9\u00a0semana que vem!<\/p>\n<\/div>\n<div><\/div>\n<div>Imagens: Reprodu\u00e7\u00e3o.<\/div>\n","protected":false},"excerpt":{"rendered":"<p>Entre os dias 18 e 22 de mar\u00e7o aconteceu a S\u00e3o Paulo Fashion Week na\u00a0Bienal. L\u00e1 foram apresentadas as cole\u00e7\u00f5es Ver\u00e3o 2014 de 25 marcas,\u00a0entre elas algumas masculinas. Ent\u00e3o, selecionei para voc\u00eas o que os\u00a0estilistas apostam para o homem vestir na pr\u00f3xima esta\u00e7\u00e3o.Amap\u00f4 \u2013 A dupla de estilistas Car\u00f4 Gold e Pitty Taliani buscaram uma\u00a0inspira\u00e7\u00e3o [&hellip;]<\/p>\n","protected":false},"author":8,"featured_media":67024,"comment_status":"open","ping_status":"open","sticky":false,"template":"","format":"standard","meta":{"jetpack_post_was_ever_published":false,"_jetpack_newsletter_access":"","jetpack_publicize_message":"","jetpack_is_tweetstorm":false,"jetpack_publicize_feature_enabled":true,"jetpack_social_post_already_shared":true,"jetpack_social_options":{"image_generator_settings":{"template":"highway","enabled":false}}},"categories":[6],"tags":[],"jetpack_publicize_connections":[],"jetpack_featured_media_url":"","jetpack_sharing_enabled":true,"jetpack_shortlink":"https:\/\/wp.me\/p3Hz0n-hqL","jetpack_likes_enabled":true,"_links":{"self":[{"href":"https:\/\/agrund.com\/index.php\/wp-json\/wp\/v2\/posts\/67007"}],"collection":[{"href":"https:\/\/agrund.com\/index.php\/wp-json\/wp\/v2\/posts"}],"about":[{"href":"https:\/\/agrund.com\/index.php\/wp-json\/wp\/v2\/types\/post"}],"author":[{"embeddable":true,"href":"https:\/\/agrund.com\/index.php\/wp-json\/wp\/v2\/users\/8"}],"replies":[{"embeddable":true,"href":"https:\/\/agrund.com\/index.php\/wp-json\/wp\/v2\/comments?post=67007"}],"version-history":[{"count":0,"href":"https:\/\/agrund.com\/index.php\/wp-json\/wp\/v2\/posts\/67007\/revisions"}],"wp:featuredmedia":[{"embeddable":true,"href":"https:\/\/agrund.com\/index.php\/wp-json\/"}],"wp:attachment":[{"href":"https:\/\/agrund.com\/index.php\/wp-json\/wp\/v2\/media?parent=67007"}],"wp:term":[{"taxonomy":"category","embeddable":true,"href":"https:\/\/agrund.com\/index.php\/wp-json\/wp\/v2\/categories?post=67007"},{"taxonomy":"post_tag","embeddable":true,"href":"https:\/\/agrund.com\/index.php\/wp-json\/wp\/v2\/tags?post=67007"}],"curies":[{"name":"wp","href":"https:\/\/api.w.org\/{rel}","templated":true}]}}