{"id":66574,"date":"2013-03-25T22:00:48","date_gmt":"2013-03-26T01:00:48","guid":{"rendered":"http:\/\/www.agrund.com\/?p=66574"},"modified":"2013-03-25T22:00:48","modified_gmt":"2013-03-26T01:00:48","slug":"justin-timberlake-e-um-icone-da-moda","status":"publish","type":"post","link":"https:\/\/agrund.com\/index.php\/justin-timberlake-e-um-icone-da-moda\/","title":{"rendered":"Justin Timberlake \u00e9 um \u00edcone da moda"},"content":{"rendered":"<p>Jon Hamm afirmou que o cantor \u00e9 o homem mais bem vestido do universo pop e disse que admira sua confian\u00e7a no tapete vermelho e como qualquer look lhe cai bem. Tudo isso porque ele foi questionado sobre qual guarda-roupa seria o seu preferido: &#8220;Eu sou um grande f\u00e3 de Justin Timberlake. Eu acho que ele \u00e9 uma refer\u00eancia, como dizem.<\/p>\n<p>Mas ele est\u00e1 sempre elegante com qualquer roupa. [Ele \u00e9] o tipo de cara que segue a moda&#8221;. Jon se tornou uma esp\u00e9cie de &#8216;criador de tend\u00eancias&#8217; devido a sua eleg\u00e2ncia nos sets- depois de ser orientado pelo conselheiro de moda Don Draper nos anos 60. No entanto, ele diz que n\u00e3o pode &#8220;perdoar&#8221;<\/p>\n<p>Justin por uma das maiores falhas da moda das celebridades, quando ele e a namorada da \u00e9poca, Britney Spears, combinaram de ir de roupas jeans no American Music Awards de 2011. O ator brincou: &#8220;Ele com aquele smoking jeans foi uma imagem infeliz&#8221;.<\/p>\n<p>Esta n\u00e3o \u00e9 a primeira vez que Justin foi elogiado por seu estilo despojado. O designer Tom Ford recentemente aproveitou a chance e criou looks para a nova m\u00fasica do cantor, &#8220;Suit&amp;Tie&#8221;. Tom comentou: &#8220;Eu adoro o Justin. Ele tem um estilo nato e um enorme talento. \u00c9 um prazer e uma honra trabalhar com ele durante todo esse processo criativo&#8221;.<\/p>\n<p>N\u00f3s concordamos com tudo o que eles falaram. E voc\u00ea?<\/p>\n<div id=\"attachment_66575\" style=\"width: 530px\" class=\"wp-caption aligncenter\"><a href=\"https:\/\/i0.wp.com\/www.agrund.com\/wp-content\/uploads\/2013\/03\/justin-timberlake-e-um-icone-da-moda.jpg\"><img aria-describedby=\"caption-attachment-66575\" decoding=\"async\" loading=\"lazy\" class=\" wp-image-66575 \" alt=\"Justin Timberlake \u00e9 um \u00edcone da moda\" src=\"https:\/\/i0.wp.com\/www.agrund.com\/wp-content\/uploads\/2013\/03\/justin-timberlake-e-um-icone-da-moda.jpg?resize=520%2C344\" width=\"520\" height=\"344\" data-recalc-dims=\"1\" \/><\/a><p id=\"caption-attachment-66575\" class=\"wp-caption-text\">Justin Timberlake \u00e9 um \u00edcone da moda<\/p><\/div>\n<p>Imagem: Reprodu\u00e7\u00e3o.<\/p>\n","protected":false},"excerpt":{"rendered":"<p>Jon Hamm afirmou que o cantor \u00e9 o homem mais bem vestido do universo pop e disse que admira sua confian\u00e7a no tapete vermelho e como qualquer look lhe cai bem. Tudo isso porque ele foi questionado sobre qual guarda-roupa seria o seu preferido: &#8220;Eu sou um grande f\u00e3 de Justin Timberlake. Eu acho que [&hellip;]<\/p>\n","protected":false},"author":8,"featured_media":66576,"comment_status":"open","ping_status":"open","sticky":false,"template":"","format":"standard","meta":{"jetpack_post_was_ever_published":false,"_jetpack_newsletter_access":"","jetpack_publicize_message":"","jetpack_is_tweetstorm":false,"jetpack_publicize_feature_enabled":true,"jetpack_social_post_already_shared":false,"jetpack_social_options":{"image_generator_settings":{"template":"highway","enabled":false}}},"categories":[6],"tags":[],"jetpack_publicize_connections":[],"jetpack_featured_media_url":"","jetpack_sharing_enabled":true,"jetpack_shortlink":"https:\/\/wp.me\/p3Hz0n-hjM","jetpack_likes_enabled":true,"_links":{"self":[{"href":"https:\/\/agrund.com\/index.php\/wp-json\/wp\/v2\/posts\/66574"}],"collection":[{"href":"https:\/\/agrund.com\/index.php\/wp-json\/wp\/v2\/posts"}],"about":[{"href":"https:\/\/agrund.com\/index.php\/wp-json\/wp\/v2\/types\/post"}],"author":[{"embeddable":true,"href":"https:\/\/agrund.com\/index.php\/wp-json\/wp\/v2\/users\/8"}],"replies":[{"embeddable":true,"href":"https:\/\/agrund.com\/index.php\/wp-json\/wp\/v2\/comments?post=66574"}],"version-history":[{"count":0,"href":"https:\/\/agrund.com\/index.php\/wp-json\/wp\/v2\/posts\/66574\/revisions"}],"wp:featuredmedia":[{"embeddable":true,"href":"https:\/\/agrund.com\/index.php\/wp-json\/"}],"wp:attachment":[{"href":"https:\/\/agrund.com\/index.php\/wp-json\/wp\/v2\/media?parent=66574"}],"wp:term":[{"taxonomy":"category","embeddable":true,"href":"https:\/\/agrund.com\/index.php\/wp-json\/wp\/v2\/categories?post=66574"},{"taxonomy":"post_tag","embeddable":true,"href":"https:\/\/agrund.com\/index.php\/wp-json\/wp\/v2\/tags?post=66574"}],"curies":[{"name":"wp","href":"https:\/\/api.w.org\/{rel}","templated":true}]}}