{"id":66566,"date":"2013-03-25T17:30:36","date_gmt":"2013-03-25T20:30:36","guid":{"rendered":"http:\/\/www.agrund.com\/?p=66566"},"modified":"2013-03-25T17:30:36","modified_gmt":"2013-03-25T20:30:36","slug":"neymar-jr-fotografa-propaganda-do-perfume-drakkar-noir-de-guy-laroche","status":"publish","type":"post","link":"https:\/\/agrund.com\/index.php\/neymar-jr-fotografa-propaganda-do-perfume-drakkar-noir-de-guy-laroche\/","title":{"rendered":"Neymar Jr. fotografa propaganda do perfume Drakkar Noir de Guy Laroche"},"content":{"rendered":"<p>Nas lentes de Jean-Baptiste Mondino, Neymar Jr. posou para a edi\u00e7\u00e3o especial de Drakkar Noir, em comemora\u00e7\u00e3o aos 30 anos do perfume produzido pela grife francesa Guy Laroche.<br \/>\nFotografada em Zurique, na Su\u00ed\u00e7a, a campanha mostra o jogador com olhar marcante, poderoso e sedutor. Na imagem, Neymar Jr. refor\u00e7a a fama da emblem\u00e1tica fragr\u00e2ncia, que tem um aroma verdadeiramente masculino.<\/p>\n<div id=\"attachment_66567\" style=\"width: 570px\" class=\"wp-caption aligncenter\"><a href=\"https:\/\/i0.wp.com\/www.agrund.com\/wp-content\/uploads\/2013\/03\/VisualDKN_1.jpg\"><img aria-describedby=\"caption-attachment-66567\" decoding=\"async\" loading=\"lazy\" class=\" wp-image-66567 \" alt=\"Neymar Jr. fotografa propaganda do perfume Drakkar Noir de Guy Laroche\" src=\"https:\/\/i0.wp.com\/www.agrund.com\/wp-content\/uploads\/2013\/03\/VisualDKN_1.jpg?resize=560%2C418\" width=\"560\" height=\"418\" data-recalc-dims=\"1\" \/><\/a><p id=\"caption-attachment-66567\" class=\"wp-caption-text\">Neymar Jr. fotografa propaganda do perfume Drakkar Noir de Guy Laroche<\/p><\/div>\n<p>Imagem: Reprodu\u00e7\u00e3o.<\/p>\n","protected":false},"excerpt":{"rendered":"<p>Nas lentes de Jean-Baptiste Mondino, Neymar Jr. posou para a edi\u00e7\u00e3o especial de Drakkar Noir, em comemora\u00e7\u00e3o aos 30 anos do perfume produzido pela grife francesa Guy Laroche. Fotografada em Zurique, na Su\u00ed\u00e7a, a campanha mostra o jogador com olhar marcante, poderoso e sedutor. Na imagem, Neymar Jr. refor\u00e7a a fama da emblem\u00e1tica fragr\u00e2ncia, que [&hellip;]<\/p>\n","protected":false},"author":8,"featured_media":66568,"comment_status":"open","ping_status":"open","sticky":false,"template":"","format":"standard","meta":{"jetpack_post_was_ever_published":false,"_jetpack_newsletter_access":"","jetpack_publicize_message":"","jetpack_is_tweetstorm":false,"jetpack_publicize_feature_enabled":true,"jetpack_social_post_already_shared":false,"jetpack_social_options":{"image_generator_settings":{"template":"highway","enabled":false}}},"categories":[6],"tags":[],"jetpack_publicize_connections":[],"jetpack_featured_media_url":"","jetpack_sharing_enabled":true,"jetpack_shortlink":"https:\/\/wp.me\/p3Hz0n-hjE","jetpack_likes_enabled":true,"_links":{"self":[{"href":"https:\/\/agrund.com\/index.php\/wp-json\/wp\/v2\/posts\/66566"}],"collection":[{"href":"https:\/\/agrund.com\/index.php\/wp-json\/wp\/v2\/posts"}],"about":[{"href":"https:\/\/agrund.com\/index.php\/wp-json\/wp\/v2\/types\/post"}],"author":[{"embeddable":true,"href":"https:\/\/agrund.com\/index.php\/wp-json\/wp\/v2\/users\/8"}],"replies":[{"embeddable":true,"href":"https:\/\/agrund.com\/index.php\/wp-json\/wp\/v2\/comments?post=66566"}],"version-history":[{"count":0,"href":"https:\/\/agrund.com\/index.php\/wp-json\/wp\/v2\/posts\/66566\/revisions"}],"wp:featuredmedia":[{"embeddable":true,"href":"https:\/\/agrund.com\/index.php\/wp-json\/"}],"wp:attachment":[{"href":"https:\/\/agrund.com\/index.php\/wp-json\/wp\/v2\/media?parent=66566"}],"wp:term":[{"taxonomy":"category","embeddable":true,"href":"https:\/\/agrund.com\/index.php\/wp-json\/wp\/v2\/categories?post=66566"},{"taxonomy":"post_tag","embeddable":true,"href":"https:\/\/agrund.com\/index.php\/wp-json\/wp\/v2\/tags?post=66566"}],"curies":[{"name":"wp","href":"https:\/\/api.w.org\/{rel}","templated":true}]}}