{"id":66531,"date":"2013-03-25T17:00:25","date_gmt":"2013-03-25T20:00:25","guid":{"rendered":"http:\/\/www.agrund.com\/?p=66531"},"modified":"2013-03-25T17:00:25","modified_gmt":"2013-03-25T20:00:25","slug":"pelos-corredores-da-bienal-spfw","status":"publish","type":"post","link":"https:\/\/agrund.com\/index.php\/pelos-corredores-da-bienal-spfw\/","title":{"rendered":"Pelos corredores da Bienal SPFW"},"content":{"rendered":"<p>Na semana passada aconteceu o SP Fashion Week, um dos mais importantes evento de moda da Am\u00e9rica Latina.\u00a0E como sempre comento looks masculinos para voc\u00eas, selecionei algumas produ\u00e7\u00f5es que andaram circulando pelos corredores. Algumas com tend\u00eancias, outras com pegada de moda e os mais ousados criando seu pr\u00f3prio estilo. Veja abaixo!<\/p>\n<p>Ander Oliveira \u2013 apostou na monocromia que alonga a silhueta. O azul tamb\u00e9m ser\u00e1 a cor do ver\u00e3o. O legal \u00e9 que as listras que est\u00e3o nas passarelas tamb\u00e9m est\u00e3o nos corredores. O mais legal no look do Ander \u00e9 a descontra\u00e7\u00e3o com pe\u00e7as cl\u00e1ssicas!<\/p>\n<div id=\"attachment_66532\" style=\"width: 560px\" class=\"wp-caption aligncenter\"><a href=\"https:\/\/i0.wp.com\/www.agrund.com\/wp-content\/uploads\/2013\/03\/Ander-Oliveira.jpg\"><img aria-describedby=\"caption-attachment-66532\" decoding=\"async\" loading=\"lazy\" class=\"size-full wp-image-66532\" alt=\"Pelos corredores da Bienal SPFW - Ander Oliveira\" src=\"https:\/\/i0.wp.com\/www.agrund.com\/wp-content\/uploads\/2013\/03\/Ander-Oliveira.jpg?resize=550%2C824\" width=\"550\" height=\"824\" data-recalc-dims=\"1\" \/><\/a><p id=\"caption-attachment-66532\" class=\"wp-caption-text\">Pelos corredores da Bienal SPFW &#8211; Ander Oliveira<\/p><\/div>\n<p>Andr\u00e9 Frenesi \u2013 o casaco mais comprido e com mix de texturas \u00e9 uma forte tend\u00eancia para o inverno. E o legal \u00e9 que, al\u00e9m das cores s\u00f3brias, ele mesclou o jeans lavado que \u00e9 a cara dos anos 80. O mais importante \u00e9 que a produ\u00e7\u00e3o n\u00e3o ficou datada.<\/p>\n<div id=\"attachment_66533\" style=\"width: 560px\" class=\"wp-caption aligncenter\"><a href=\"https:\/\/i0.wp.com\/www.agrund.com\/wp-content\/uploads\/2013\/03\/Andre-Frenesi.jpg\"><img aria-describedby=\"caption-attachment-66533\" decoding=\"async\" loading=\"lazy\" class=\"size-full wp-image-66533\" alt=\"Pelos corredores da Bienal SPFW - Andre Frenesi\" src=\"https:\/\/i0.wp.com\/www.agrund.com\/wp-content\/uploads\/2013\/03\/Andre-Frenesi.jpg?resize=550%2C824\" width=\"550\" height=\"824\" data-recalc-dims=\"1\" \/><\/a><p id=\"caption-attachment-66533\" class=\"wp-caption-text\">Pelos corredores da Bienal SPFW &#8211; Andre Frenesi<\/p><\/div>\n<p>Caio Alvi \u2013 o suspens\u00f3rio deu o ar vintage \u00e0 produ\u00e7\u00e3o. E misturar estilos tamb\u00e9m \u00e9 uma boa solu\u00e7\u00e3o para seu look ficar mais contempor\u00e2neo. A camiseta de algod\u00e3o com a cal\u00e7a de alfaiataria tamb\u00e9m formou um mix de texturas.<\/p>\n<div id=\"attachment_66534\" style=\"width: 560px\" class=\"wp-caption aligncenter\"><a href=\"https:\/\/i0.wp.com\/www.agrund.com\/wp-content\/uploads\/2013\/03\/Caio-Alvi.jpg\"><img aria-describedby=\"caption-attachment-66534\" decoding=\"async\" loading=\"lazy\" class=\"size-full wp-image-66534\" alt=\"Pelos corredores da Bienal SPFW - Caio Alvi\" src=\"https:\/\/i0.wp.com\/www.agrund.com\/wp-content\/uploads\/2013\/03\/Caio-Alvi.jpg?resize=550%2C824\" width=\"550\" height=\"824\" data-recalc-dims=\"1\" \/><\/a><p id=\"caption-attachment-66534\" class=\"wp-caption-text\">Pelos corredores da Bienal SPFW &#8211; Caio Alvi<\/p><\/div>\n<p>Marcelo Tavares \u2013 a jaqueta bomber estampada deu o tom ao look. E o mais legal \u00e9 que as pe\u00e7as que acompanham as jaquetas s\u00e3o bem b\u00e1sicas. A dica \u00e9 que ele usou uma pe\u00e7a forte equilibrando com outras mais calmas.<\/p>\n<div id=\"attachment_66535\" style=\"width: 560px\" class=\"wp-caption aligncenter\"><a href=\"https:\/\/i0.wp.com\/www.agrund.com\/wp-content\/uploads\/2013\/03\/Marcelo-Tavares.jpg\"><img aria-describedby=\"caption-attachment-66535\" decoding=\"async\" loading=\"lazy\" class=\"size-full wp-image-66535\" alt=\"Pelos corredores da Bienal SPFW - Marcelo Tavares\" src=\"https:\/\/i0.wp.com\/www.agrund.com\/wp-content\/uploads\/2013\/03\/Marcelo-Tavares.jpg?resize=550%2C824\" width=\"550\" height=\"824\" data-recalc-dims=\"1\" \/><\/a><p id=\"caption-attachment-66535\" class=\"wp-caption-text\">Pelos corredores da Bienal SPFW &#8211; Marcelo Tavares<\/p><\/div>\n<p>Marco Antonio Silva \u2013 levantou a bandeira da ousadia. Uma legging de couro com bota de cano alto n\u00e3o \u00e9 para todos. E a tentativa de equilibrar o visual andr\u00f3geno com um blazer mais cl\u00e1ssico funcionou para ele, que \u00e9 alto e mais magro.<\/p>\n<div id=\"attachment_66536\" style=\"width: 560px\" class=\"wp-caption aligncenter\"><a href=\"https:\/\/i0.wp.com\/www.agrund.com\/wp-content\/uploads\/2013\/03\/Marco-Antonio-Silva.jpg\"><img aria-describedby=\"caption-attachment-66536\" decoding=\"async\" loading=\"lazy\" class=\"size-full wp-image-66536\" alt=\"Pelos corredores da Bienal SPFW - Marco Antonio Silva\" src=\"https:\/\/i0.wp.com\/www.agrund.com\/wp-content\/uploads\/2013\/03\/Marco-Antonio-Silva.jpg?resize=550%2C824\" width=\"550\" height=\"824\" data-recalc-dims=\"1\" \/><\/a><p id=\"caption-attachment-66536\" class=\"wp-caption-text\">Pelos corredores da Bienal SPFW &#8211; Marco Antonio Silva<\/p><\/div>\n<p>Michael Williams \u2013 o menos \u00e9 mais nos looks masculinos. O xadrez que remete ao grunge ganhou cores novas e invernais. A cal\u00e7a jeans clara real\u00e7a a pe\u00e7a e deixa o t\u00eanis tamb\u00e9m como um belo ponto focal.<\/p>\n<div id=\"attachment_66537\" style=\"width: 560px\" class=\"wp-caption aligncenter\"><a href=\"https:\/\/i0.wp.com\/www.agrund.com\/wp-content\/uploads\/2013\/03\/Michael-Willians.jpg\"><img aria-describedby=\"caption-attachment-66537\" decoding=\"async\" loading=\"lazy\" class=\"size-full wp-image-66537\" alt=\"Pelos corredores da Bienal SPFW - Michael Willians\" src=\"https:\/\/i0.wp.com\/www.agrund.com\/wp-content\/uploads\/2013\/03\/Michael-Willians.jpg?resize=550%2C824\" width=\"550\" height=\"824\" data-recalc-dims=\"1\" \/><\/a><p id=\"caption-attachment-66537\" class=\"wp-caption-text\">Pelos corredores da Bienal SPFW &#8211; Michael Willians<\/p><\/div>\n<p>Valnei Martins \u2013 cores s\u00f3brias ganham detalhes como estampas e que podem deixar o visual b\u00e1sico mais contempor\u00e2neo. Nesse caso, a pasta tipo portf\u00f3lio traz contemporaneidade e modernismo ao visual dele.<\/p>\n<div id=\"attachment_66538\" style=\"width: 560px\" class=\"wp-caption aligncenter\"><a href=\"https:\/\/i0.wp.com\/www.agrund.com\/wp-content\/uploads\/2013\/03\/Valnei-Martins.jpg\"><img aria-describedby=\"caption-attachment-66538\" decoding=\"async\" loading=\"lazy\" class=\"size-full wp-image-66538\" alt=\"Pelos corredores da Bienal SPFW - Valnei Martins\" src=\"https:\/\/i0.wp.com\/www.agrund.com\/wp-content\/uploads\/2013\/03\/Valnei-Martins.jpg?resize=550%2C824\" width=\"550\" height=\"824\" data-recalc-dims=\"1\" \/><\/a><p id=\"caption-attachment-66538\" class=\"wp-caption-text\">Pelos corredores da Bienal SPFW &#8211; Valnei Martins<\/p><\/div>\n<p>E voc\u00eas, o que acharam? Beijos e at\u00e9 a pr\u00f3xima semana.<\/p>\n<p>Imagens: Murilo Mahler.<\/p>\n","protected":false},"excerpt":{"rendered":"<p>Na semana passada aconteceu o SP Fashion Week, um dos mais importantes evento de moda da Am\u00e9rica Latina.\u00a0E como sempre comento looks masculinos para voc\u00eas, selecionei algumas produ\u00e7\u00f5es que andaram circulando pelos corredores. Algumas com tend\u00eancias, outras com pegada de moda e os mais ousados criando seu pr\u00f3prio estilo. Veja abaixo! Ander Oliveira \u2013 apostou [&hellip;]<\/p>\n","protected":false},"author":8,"featured_media":66545,"comment_status":"open","ping_status":"open","sticky":false,"template":"","format":"standard","meta":{"jetpack_post_was_ever_published":false,"_jetpack_newsletter_access":"","jetpack_publicize_message":"","jetpack_is_tweetstorm":false,"jetpack_publicize_feature_enabled":true,"jetpack_social_post_already_shared":false,"jetpack_social_options":{"image_generator_settings":{"template":"highway","enabled":false}}},"categories":[6],"tags":[],"jetpack_publicize_connections":[],"jetpack_featured_media_url":"","jetpack_sharing_enabled":true,"jetpack_shortlink":"https:\/\/wp.me\/p3Hz0n-hj5","jetpack_likes_enabled":true,"_links":{"self":[{"href":"https:\/\/agrund.com\/index.php\/wp-json\/wp\/v2\/posts\/66531"}],"collection":[{"href":"https:\/\/agrund.com\/index.php\/wp-json\/wp\/v2\/posts"}],"about":[{"href":"https:\/\/agrund.com\/index.php\/wp-json\/wp\/v2\/types\/post"}],"author":[{"embeddable":true,"href":"https:\/\/agrund.com\/index.php\/wp-json\/wp\/v2\/users\/8"}],"replies":[{"embeddable":true,"href":"https:\/\/agrund.com\/index.php\/wp-json\/wp\/v2\/comments?post=66531"}],"version-history":[{"count":0,"href":"https:\/\/agrund.com\/index.php\/wp-json\/wp\/v2\/posts\/66531\/revisions"}],"wp:featuredmedia":[{"embeddable":true,"href":"https:\/\/agrund.com\/index.php\/wp-json\/"}],"wp:attachment":[{"href":"https:\/\/agrund.com\/index.php\/wp-json\/wp\/v2\/media?parent=66531"}],"wp:term":[{"taxonomy":"category","embeddable":true,"href":"https:\/\/agrund.com\/index.php\/wp-json\/wp\/v2\/categories?post=66531"},{"taxonomy":"post_tag","embeddable":true,"href":"https:\/\/agrund.com\/index.php\/wp-json\/wp\/v2\/tags?post=66531"}],"curies":[{"name":"wp","href":"https:\/\/api.w.org\/{rel}","templated":true}]}}