{"id":65303,"date":"2013-03-18T15:00:24","date_gmt":"2013-03-18T18:00:24","guid":{"rendered":"http:\/\/www.agrund.com\/?p=65303"},"modified":"2013-03-18T15:00:24","modified_gmt":"2013-03-18T18:00:24","slug":"barba-ter-ou-nao-ter","status":"publish","type":"post","link":"https:\/\/agrund.com\/index.php\/barba-ter-ou-nao-ter\/","title":{"rendered":"Barba \u2013 ter ou n\u00e3o ter?"},"content":{"rendered":"<p>A barba hoje \u00e9 sin\u00f4nimo de virilidade e \u00e0s vezes complementa uma produ\u00e7\u00e3o deixando o look super harm\u00f4nico. E esse conceito p\u00f4de ser comprovado nas Semanas de Moda de Londres, Mil\u00e3o e Paris. E mais ainda, muitos atores de Hollywood optaram por usar a barba no tapete vermelho do Oscar 2013.<\/p>\n<p>Mas antes disso, no antigo Egito a barba era usada para determinar sua situa\u00e7\u00e3o social. Quanto maior sua posi\u00e7\u00e3o na sociedade, mais sua barba devia ser cultivada. Entre os gregos, durante um tempo o uso da barba foi comum, mas depois, por quest\u00f5es t\u00e1ticas de guerra, o imperador Alexandre O Grande proibiu o uso de p\u00ealos no rosto para n\u00e3o atrapalhar durante um confronto homem a homem. Na Roma antiga, significava um ritual de passagem da adolesc\u00eancia para a fase adulta.<\/p>\n<p>E quando esse momento chegava, eles raspavam todos os p\u00ealos do rosto e do corpo e ofereciam aos Deuses. No s\u00e9culo XX ela perdeu espa\u00e7o, mas sempre estava presente nos rostos dos grandes l\u00edderes.<\/p>\n<p>Os homens j\u00e1 fazem a barba h\u00e1 mais de 30 mil anos, mas para o seu marido, namorado, pai ou voc\u00ea leitor que me acompanha por aqui n\u00e3o parecer um homem da pedra lascada na hora de fazer a barba, consultei o esteticista Suelio Ribeiro que deu algumas boas dicas de como manter saud\u00e1vel os p\u00ealos do seu rosto. Vamos l\u00e1!<\/p>\n<p>Cuidando da barba querida: \u00c9 mito que existe um tipo de pele pr\u00f3pria para aderir ao visual barbado, por\u00e9m a l\u00e2mina sempre agride a pele. Ent\u00e3o, \u00e9 uma boa voc\u00ea ir adequando, com o tempo, todo o material certo para o seu barbear. Sim, elas gostam de barba, mas n\u00e3o do tipo homem das cavernas: \u201cComo trabalho com homens e mulheres, tenho experi\u00eancia para dizer que mulher gosta \u00e9 de homem bem tratado. Elas adoram que eles mantenham a barba bem cuidada, aparada e que limpem as regi\u00f5es onde h\u00e1 falhas no crescimento dos p\u00ealos.\u201d<\/p>\n<p>O arsenal dos barbados: Espuma \u00e9 sempre a base de um bom barbear. \u201cEu gosto muito daquelas que v\u00eam a partir de um gel que, quando esfregado nas m\u00e3os, vira uma espuma cremosa. Procure tamb\u00e9m um bom p\u00f3s-barba, daqueles que tenham, dentre os seus princ\u00edpios ativos, algo calmante e hidratante. D\u00e1 uma \u00f3tima finalizada\u201d.<\/p>\n<p>Falhos e grisalhos: Para os homens que t\u00eam barba com falhas, n\u00e3o \u00e9 boa op\u00e7\u00e3o mant\u00ea-la. J\u00e1 o que tem p\u00ealos brancos, se n\u00e3o gostar, pode pintar com uma tinta especial. Mas fica a dica: as mulheres adoram p\u00ealos brancos. D\u00e1 um charme especial ao homem. Mas n\u00e3o esque\u00e7a das dicas anteriores: barba grisalha sim, maltratada nunca.<\/p>\n<p>Mantendo tudo nos conformes: Diariamente \u00e9 bom usar um p\u00f3s-barba.<br \/>\nServi\u00e7o:<br \/>\nSuelio Ribeiro Pereira<br \/>\nConsult\u00f3rio de Est\u00e9tica Facial &amp; Corporal<br \/>\nRua Conde de Bonfim 289 A sala 803 Tijuca \u2013 Rio de Janeiro<br \/>\nTel: (21) 2204-3413<\/p>\n<div id=\"attachment_65304\" style=\"width: 460px\" class=\"wp-caption aligncenter\"><a href=\"https:\/\/i0.wp.com\/www.agrund.com\/wp-content\/uploads\/2013\/03\/barba-ter-ou-nao-ter-1.jpg\"><img aria-describedby=\"caption-attachment-65304\" decoding=\"async\" loading=\"lazy\" class=\"size-full wp-image-65304\" alt=\"Barba \u2013 ter ou n\u00e3o ter?\" src=\"https:\/\/i0.wp.com\/www.agrund.com\/wp-content\/uploads\/2013\/03\/barba-ter-ou-nao-ter-1.jpg?resize=450%2C675\" width=\"450\" height=\"675\" data-recalc-dims=\"1\" \/><\/a><p id=\"caption-attachment-65304\" class=\"wp-caption-text\">Barba \u2013 ter ou n\u00e3o ter?<\/p><\/div>\n<div id=\"attachment_65305\" style=\"width: 460px\" class=\"wp-caption aligncenter\"><a href=\"https:\/\/i0.wp.com\/www.agrund.com\/wp-content\/uploads\/2013\/03\/barba-ter-ou-nao-ter-2.jpg\"><img aria-describedby=\"caption-attachment-65305\" decoding=\"async\" loading=\"lazy\" class=\"size-full wp-image-65305\" alt=\"Barba \u2013 ter ou n\u00e3o ter?\" src=\"https:\/\/i0.wp.com\/www.agrund.com\/wp-content\/uploads\/2013\/03\/barba-ter-ou-nao-ter-2.jpg?resize=450%2C677\" width=\"450\" height=\"677\" data-recalc-dims=\"1\" \/><\/a><p id=\"caption-attachment-65305\" class=\"wp-caption-text\">Barba \u2013 ter ou n\u00e3o ter?<\/p><\/div>\n<div id=\"attachment_65306\" style=\"width: 460px\" class=\"wp-caption aligncenter\"><a href=\"https:\/\/i0.wp.com\/www.agrund.com\/wp-content\/uploads\/2013\/03\/barba-ter-ou-nao-ter-3.jpg\"><img aria-describedby=\"caption-attachment-65306\" decoding=\"async\" loading=\"lazy\" class=\"size-full wp-image-65306\" alt=\"Barba \u2013 ter ou n\u00e3o ter?\" src=\"https:\/\/i0.wp.com\/www.agrund.com\/wp-content\/uploads\/2013\/03\/barba-ter-ou-nao-ter-3.jpg?resize=450%2C1414\" width=\"450\" height=\"1414\" data-recalc-dims=\"1\" \/><\/a><p id=\"caption-attachment-65306\" class=\"wp-caption-text\">Barba \u2013 ter ou n\u00e3o ter?<\/p><\/div>\n<div id=\"attachment_65307\" style=\"width: 460px\" class=\"wp-caption aligncenter\"><a href=\"https:\/\/i0.wp.com\/www.agrund.com\/wp-content\/uploads\/2013\/03\/barba-ter-ou-nao-ter-4.jpg\"><img aria-describedby=\"caption-attachment-65307\" decoding=\"async\" loading=\"lazy\" class=\"size-full wp-image-65307\" alt=\"Barba \u2013 ter ou n\u00e3o ter?\" src=\"https:\/\/i0.wp.com\/www.agrund.com\/wp-content\/uploads\/2013\/03\/barba-ter-ou-nao-ter-4.jpg?resize=450%2C677\" width=\"450\" height=\"677\" data-recalc-dims=\"1\" \/><\/a><p id=\"caption-attachment-65307\" class=\"wp-caption-text\">Barba \u2013 ter ou n\u00e3o ter?<\/p><\/div>\n<div id=\"attachment_65308\" style=\"width: 460px\" class=\"wp-caption aligncenter\"><a href=\"https:\/\/i0.wp.com\/www.agrund.com\/wp-content\/uploads\/2013\/03\/barba-ter-ou-nao-ter-5.jpg\"><img aria-describedby=\"caption-attachment-65308\" decoding=\"async\" loading=\"lazy\" class=\"size-full wp-image-65308\" alt=\"Barba \u2013 ter ou n\u00e3o ter?\" src=\"https:\/\/i0.wp.com\/www.agrund.com\/wp-content\/uploads\/2013\/03\/barba-ter-ou-nao-ter-5.jpg?resize=450%2C676\" width=\"450\" height=\"676\" data-recalc-dims=\"1\" \/><\/a><p id=\"caption-attachment-65308\" class=\"wp-caption-text\">Barba \u2013 ter ou n\u00e3o ter?<\/p><\/div>\n<div id=\"attachment_65309\" style=\"width: 460px\" class=\"wp-caption aligncenter\"><a href=\"https:\/\/i0.wp.com\/www.agrund.com\/wp-content\/uploads\/2013\/03\/barba-ter-ou-nao-ter-6.jpg\"><img aria-describedby=\"caption-attachment-65309\" decoding=\"async\" loading=\"lazy\" class=\"size-full wp-image-65309\" alt=\"Barba \u2013 ter ou n\u00e3o ter?\" src=\"https:\/\/i0.wp.com\/www.agrund.com\/wp-content\/uploads\/2013\/03\/barba-ter-ou-nao-ter-6.jpg?resize=450%2C677\" width=\"450\" height=\"677\" data-recalc-dims=\"1\" \/><\/a><p id=\"caption-attachment-65309\" class=\"wp-caption-text\">Barba \u2013 ter ou n\u00e3o ter?<\/p><\/div>\n<div id=\"attachment_65310\" style=\"width: 460px\" class=\"wp-caption aligncenter\"><a href=\"https:\/\/i0.wp.com\/www.agrund.com\/wp-content\/uploads\/2013\/03\/barba-ter-ou-nao-ter-7.jpg\"><img aria-describedby=\"caption-attachment-65310\" decoding=\"async\" loading=\"lazy\" class=\"size-full wp-image-65310\" alt=\"Barba \u2013 ter ou n\u00e3o ter?\" src=\"https:\/\/i0.wp.com\/www.agrund.com\/wp-content\/uploads\/2013\/03\/barba-ter-ou-nao-ter-7.jpg?resize=450%2C677\" width=\"450\" height=\"677\" data-recalc-dims=\"1\" \/><\/a><p id=\"caption-attachment-65310\" class=\"wp-caption-text\">Barba \u2013 ter ou n\u00e3o ter?<\/p><\/div>\n<div id=\"attachment_65311\" style=\"width: 460px\" class=\"wp-caption aligncenter\"><a href=\"https:\/\/i0.wp.com\/www.agrund.com\/wp-content\/uploads\/2013\/03\/barba-ter-ou-nao-ter-8.jpg\"><img aria-describedby=\"caption-attachment-65311\" decoding=\"async\" loading=\"lazy\" class=\"size-full wp-image-65311\" alt=\"Barba \u2013 ter ou n\u00e3o ter?\" src=\"https:\/\/i0.wp.com\/www.agrund.com\/wp-content\/uploads\/2013\/03\/barba-ter-ou-nao-ter-8.jpg?resize=450%2C675\" width=\"450\" height=\"675\" data-recalc-dims=\"1\" \/><\/a><p id=\"caption-attachment-65311\" class=\"wp-caption-text\">Barba \u2013 ter ou n\u00e3o ter?<\/p><\/div>\n<p>Imagens: Reprodu\u00e7\u00e3o.<\/p>\n","protected":false},"excerpt":{"rendered":"<p>A barba hoje \u00e9 sin\u00f4nimo de virilidade e \u00e0s vezes complementa uma produ\u00e7\u00e3o deixando o look super harm\u00f4nico. E esse conceito p\u00f4de ser comprovado nas Semanas de Moda de Londres, Mil\u00e3o e Paris. E mais ainda, muitos atores de Hollywood optaram por usar a barba no tapete vermelho do Oscar 2013. Mas antes disso, no [&hellip;]<\/p>\n","protected":false},"author":8,"featured_media":65312,"comment_status":"open","ping_status":"open","sticky":false,"template":"","format":"standard","meta":{"jetpack_post_was_ever_published":false,"_jetpack_newsletter_access":"","jetpack_publicize_message":"","jetpack_is_tweetstorm":false,"jetpack_publicize_feature_enabled":true,"jetpack_social_post_already_shared":false,"jetpack_social_options":{"image_generator_settings":{"template":"highway","enabled":false}}},"categories":[6],"tags":[],"jetpack_publicize_connections":[],"jetpack_featured_media_url":"","jetpack_sharing_enabled":true,"jetpack_shortlink":"https:\/\/wp.me\/p3Hz0n-gZh","jetpack_likes_enabled":true,"_links":{"self":[{"href":"https:\/\/agrund.com\/index.php\/wp-json\/wp\/v2\/posts\/65303"}],"collection":[{"href":"https:\/\/agrund.com\/index.php\/wp-json\/wp\/v2\/posts"}],"about":[{"href":"https:\/\/agrund.com\/index.php\/wp-json\/wp\/v2\/types\/post"}],"author":[{"embeddable":true,"href":"https:\/\/agrund.com\/index.php\/wp-json\/wp\/v2\/users\/8"}],"replies":[{"embeddable":true,"href":"https:\/\/agrund.com\/index.php\/wp-json\/wp\/v2\/comments?post=65303"}],"version-history":[{"count":0,"href":"https:\/\/agrund.com\/index.php\/wp-json\/wp\/v2\/posts\/65303\/revisions"}],"wp:featuredmedia":[{"embeddable":true,"href":"https:\/\/agrund.com\/index.php\/wp-json\/"}],"wp:attachment":[{"href":"https:\/\/agrund.com\/index.php\/wp-json\/wp\/v2\/media?parent=65303"}],"wp:term":[{"taxonomy":"category","embeddable":true,"href":"https:\/\/agrund.com\/index.php\/wp-json\/wp\/v2\/categories?post=65303"},{"taxonomy":"post_tag","embeddable":true,"href":"https:\/\/agrund.com\/index.php\/wp-json\/wp\/v2\/tags?post=65303"}],"curies":[{"name":"wp","href":"https:\/\/api.w.org\/{rel}","templated":true}]}}