{"id":65261,"date":"2013-03-18T11:00:19","date_gmt":"2013-03-18T14:00:19","guid":{"rendered":"http:\/\/www.agrund.com\/?p=65261"},"modified":"2013-03-18T11:00:19","modified_gmt":"2013-03-18T14:00:19","slug":"making-of-crawford-inverno-2013","status":"publish","type":"post","link":"https:\/\/agrund.com\/index.php\/making-of-crawford-inverno-2013\/","title":{"rendered":"Making of Crawford Inverno 2013"},"content":{"rendered":"<p>A Crawford se inspirou no homem moderno, de uma rica fam\u00edlia italiana e apaixonado por cavalos para apresentar seu Outono\/Inverno 2013. O modelo ga\u00facho Mauro Salvatore estrela a campanha fotografada por Andr\u00e9 Passos. Com styling de Osvaldo Costa e maquiagem e cabelo de Raul Mello, as fotos foram feitas na Sociedade H\u00edpica Paulista, em S\u00e3o Paulo. Confira:<\/p>\n<div id=\"attachment_65262\" style=\"width: 460px\" class=\"wp-caption aligncenter\"><a href=\"https:\/\/i0.wp.com\/www.agrund.com\/wp-content\/uploads\/2013\/03\/making-of-crawford-inverno-2013-1.jpg\"><img aria-describedby=\"caption-attachment-65262\" decoding=\"async\" loading=\"lazy\" class=\"size-full wp-image-65262\" alt=\"Making of Crawford Inverno 2013\" src=\"https:\/\/i0.wp.com\/www.agrund.com\/wp-content\/uploads\/2013\/03\/making-of-crawford-inverno-2013-1.jpg?resize=450%2C253\" width=\"450\" height=\"253\" data-recalc-dims=\"1\" \/><\/a><p id=\"caption-attachment-65262\" class=\"wp-caption-text\">Making of Crawford Inverno 2013<\/p><\/div>\n<div id=\"attachment_65263\" style=\"width: 460px\" class=\"wp-caption aligncenter\"><a href=\"https:\/\/i0.wp.com\/www.agrund.com\/wp-content\/uploads\/2013\/03\/making-of-crawford-inverno-2013-2.jpg\"><img aria-describedby=\"caption-attachment-65263\" decoding=\"async\" loading=\"lazy\" class=\"size-full wp-image-65263\" alt=\"Making of Crawford Inverno 2013\" src=\"https:\/\/i0.wp.com\/www.agrund.com\/wp-content\/uploads\/2013\/03\/making-of-crawford-inverno-2013-2.jpg?resize=450%2C253\" width=\"450\" height=\"253\" data-recalc-dims=\"1\" \/><\/a><p id=\"caption-attachment-65263\" class=\"wp-caption-text\">Making of Crawford Inverno 2013<\/p><\/div>\n<div id=\"attachment_65264\" style=\"width: 460px\" class=\"wp-caption aligncenter\"><a href=\"https:\/\/i0.wp.com\/www.agrund.com\/wp-content\/uploads\/2013\/03\/making-of-crawford-inverno-2013-3.jpg\"><img aria-describedby=\"caption-attachment-65264\" decoding=\"async\" loading=\"lazy\" class=\"size-full wp-image-65264\" alt=\"Making of Crawford Inverno 2013\" src=\"https:\/\/i0.wp.com\/www.agrund.com\/wp-content\/uploads\/2013\/03\/making-of-crawford-inverno-2013-3.jpg?resize=450%2C253\" width=\"450\" height=\"253\" data-recalc-dims=\"1\" \/><\/a><p id=\"caption-attachment-65264\" class=\"wp-caption-text\">Making of Crawford Inverno 2013<\/p><\/div>\n<div id=\"attachment_65265\" style=\"width: 460px\" class=\"wp-caption aligncenter\"><a href=\"https:\/\/i0.wp.com\/www.agrund.com\/wp-content\/uploads\/2013\/03\/making-of-crawford-inverno-2013-4.jpg\"><img aria-describedby=\"caption-attachment-65265\" decoding=\"async\" loading=\"lazy\" class=\"size-full wp-image-65265\" alt=\"Making of Crawford Inverno 2013\" src=\"https:\/\/i0.wp.com\/www.agrund.com\/wp-content\/uploads\/2013\/03\/making-of-crawford-inverno-2013-4.jpg?resize=450%2C253\" width=\"450\" height=\"253\" data-recalc-dims=\"1\" \/><\/a><p id=\"caption-attachment-65265\" class=\"wp-caption-text\">Making of Crawford Inverno 2013<\/p><\/div>\n<div id=\"attachment_65266\" style=\"width: 460px\" class=\"wp-caption aligncenter\"><a href=\"https:\/\/i0.wp.com\/www.agrund.com\/wp-content\/uploads\/2013\/03\/making-of-crawford-inverno-2013-5.jpg\"><img aria-describedby=\"caption-attachment-65266\" decoding=\"async\" loading=\"lazy\" class=\"size-full wp-image-65266\" alt=\"Making of Crawford Inverno 2013\" src=\"https:\/\/i0.wp.com\/www.agrund.com\/wp-content\/uploads\/2013\/03\/making-of-crawford-inverno-2013-5.jpg?resize=450%2C253\" width=\"450\" height=\"253\" data-recalc-dims=\"1\" \/><\/a><p id=\"caption-attachment-65266\" class=\"wp-caption-text\">Making of Crawford Inverno 2013<\/p><\/div>\n<p>Imagens: Divulga\u00e7\u00e3o.<\/p>\n","protected":false},"excerpt":{"rendered":"<p>A Crawford se inspirou no homem moderno, de uma rica fam\u00edlia italiana e apaixonado por cavalos para apresentar seu Outono\/Inverno 2013. O modelo ga\u00facho Mauro Salvatore estrela a campanha fotografada por Andr\u00e9 Passos. Com styling de Osvaldo Costa e maquiagem e cabelo de Raul Mello, as fotos foram feitas na Sociedade H\u00edpica Paulista, em S\u00e3o [&hellip;]<\/p>\n","protected":false},"author":8,"featured_media":65267,"comment_status":"open","ping_status":"open","sticky":false,"template":"","format":"standard","meta":{"jetpack_post_was_ever_published":false,"_jetpack_newsletter_access":"","jetpack_publicize_message":"","jetpack_is_tweetstorm":false,"jetpack_publicize_feature_enabled":true,"jetpack_social_post_already_shared":false,"jetpack_social_options":{"image_generator_settings":{"template":"highway","enabled":false}}},"categories":[6],"tags":[],"jetpack_publicize_connections":[],"jetpack_featured_media_url":"","jetpack_sharing_enabled":true,"jetpack_shortlink":"https:\/\/wp.me\/p3Hz0n-gYB","jetpack_likes_enabled":true,"_links":{"self":[{"href":"https:\/\/agrund.com\/index.php\/wp-json\/wp\/v2\/posts\/65261"}],"collection":[{"href":"https:\/\/agrund.com\/index.php\/wp-json\/wp\/v2\/posts"}],"about":[{"href":"https:\/\/agrund.com\/index.php\/wp-json\/wp\/v2\/types\/post"}],"author":[{"embeddable":true,"href":"https:\/\/agrund.com\/index.php\/wp-json\/wp\/v2\/users\/8"}],"replies":[{"embeddable":true,"href":"https:\/\/agrund.com\/index.php\/wp-json\/wp\/v2\/comments?post=65261"}],"version-history":[{"count":0,"href":"https:\/\/agrund.com\/index.php\/wp-json\/wp\/v2\/posts\/65261\/revisions"}],"wp:featuredmedia":[{"embeddable":true,"href":"https:\/\/agrund.com\/index.php\/wp-json\/"}],"wp:attachment":[{"href":"https:\/\/agrund.com\/index.php\/wp-json\/wp\/v2\/media?parent=65261"}],"wp:term":[{"taxonomy":"category","embeddable":true,"href":"https:\/\/agrund.com\/index.php\/wp-json\/wp\/v2\/categories?post=65261"},{"taxonomy":"post_tag","embeddable":true,"href":"https:\/\/agrund.com\/index.php\/wp-json\/wp\/v2\/tags?post=65261"}],"curies":[{"name":"wp","href":"https:\/\/api.w.org\/{rel}","templated":true}]}}