{"id":6451,"date":"2011-03-17T08:30:22","date_gmt":"2011-03-17T11:30:22","guid":{"rendered":"http:\/\/www.agrund.com\/blogs\/notas\/?p=6451"},"modified":"2011-03-17T08:30:22","modified_gmt":"2011-03-17T11:30:22","slug":"looks-fabio-paiva","status":"publish","type":"post","link":"https:\/\/agrund.com\/index.php\/looks-fabio-paiva\/","title":{"rendered":"Looks :: Fabio Paiva"},"content":{"rendered":"<p>Gente, a temporada de semanas de moda acabou. E a \u00faltima foi Paris!<\/p>\n<p>Muitas feiras, desfiles, show room&#8230;estava pronto para acompanhar essa maratona e resolvi registrar para voc\u00eas os meus looks direto da Cidade Luz. Espero que gostem!<\/p>\n<p style=\"text-align: right\">Fabio Paiva<\/p>\n<div id=\"attachment_6454\" style=\"width: 471px\" class=\"wp-caption alignnone\"><img aria-describedby=\"caption-attachment-6454\" decoding=\"async\" loading=\"lazy\" class=\"size-large wp-image-6454\" src=\"https:\/\/i0.wp.com\/www.agrund.com\/arquivo\/notas\/files\/2011\/03\/2-cala-Margiela-cashemire-Marc-Jacobs-e-parka-Burberry.-576x1024.jpg?resize=461%2C819\" alt=\"\" width=\"461\" height=\"819\" data-recalc-dims=\"1\" \/><p id=\"caption-attachment-6454\" class=\"wp-caption-text\">Cal\u00e7a Margiela, cashemire Marc Jacobs e parka Burberry.<\/p><\/div>\n<div id=\"attachment_6452\" style=\"width: 471px\" class=\"wp-caption alignnone\"><img aria-describedby=\"caption-attachment-6452\" decoding=\"async\" loading=\"lazy\" class=\"size-large wp-image-6452 \" src=\"https:\/\/i0.wp.com\/www.agrund.com\/arquivo\/notas\/files\/2011\/03\/1-blazer-alexandre-herchcovitch-cal\u00e7a-Acne-e-cachecol-Marc-Jacobs.-576x1024.jpg?resize=461%2C819\" alt=\"\" width=\"461\" height=\"819\" data-recalc-dims=\"1\" \/><p id=\"caption-attachment-6452\" class=\"wp-caption-text\">Blazer Alexandre Herchcovitch, cal\u00e7a Acne e cachecol Marc Jacobs.<\/p><\/div>\n<div id=\"attachment_6458\" style=\"width: 442px\" class=\"wp-caption alignnone\"><img aria-describedby=\"caption-attachment-6458\" decoding=\"async\" loading=\"lazy\" class=\"size-full wp-image-6458 \" src=\"https:\/\/i0.wp.com\/www.agrund.com\/arquivo\/notas\/files\/2011\/03\/2-look-completo-Alexandre-Herchcovitch-e-tenis-Lanvin.1.jpg?resize=432%2C576\" alt=\"\" width=\"432\" height=\"576\" data-recalc-dims=\"1\" \/><p id=\"caption-attachment-6458\" class=\"wp-caption-text\">Look completo Alexandre Herchcovitch e t\u00eanis Lanvin.<\/p><\/div>\n<div id=\"attachment_6459\" style=\"width: 442px\" class=\"wp-caption alignnone\"><img aria-describedby=\"caption-attachment-6459\" decoding=\"async\" loading=\"lazy\" class=\"size-full wp-image-6459 \" src=\"https:\/\/i0.wp.com\/www.agrund.com\/arquivo\/notas\/files\/2011\/03\/3-jaqueta-Zadig-Voltaire-Cardigan-Freddy-Peery-e-cal\u00e7a-Forum.1.jpg?resize=432%2C576\" alt=\"\" width=\"432\" height=\"576\" data-recalc-dims=\"1\" \/><p id=\"caption-attachment-6459\" class=\"wp-caption-text\">Jaqueta Zadig &amp; Voltaire, cardigan Fred Perry e cal\u00e7a Forum.<\/p><\/div>\n<div id=\"attachment_6462\" style=\"width: 442px\" class=\"wp-caption alignnone\"><img aria-describedby=\"caption-attachment-6462\" decoding=\"async\" loading=\"lazy\" class=\"size-full wp-image-6462 \" src=\"https:\/\/i0.wp.com\/www.agrund.com\/arquivo\/notas\/files\/2011\/03\/4-Tricot-Lacoste-jeans-Forum-e-trench-coat-Marc-by-Marc.1.jpg?resize=432%2C576\" alt=\"\" width=\"432\" height=\"576\" data-recalc-dims=\"1\" \/><p id=\"caption-attachment-6462\" class=\"wp-caption-text\">Tricot Lacoste, jeans Forum e trench coat Marc by Marc.<\/p><\/div>\n<div id=\"attachment_6465\" style=\"width: 442px\" class=\"wp-caption alignnone\"><img aria-describedby=\"caption-attachment-6465\" decoding=\"async\" loading=\"lazy\" class=\"size-full wp-image-6465 \" src=\"https:\/\/i0.wp.com\/www.agrund.com\/arquivo\/notas\/files\/2011\/03\/5-jaqueta-DG-camisa-I\u00f3dice-cal\u00e7a-Comme-des-Gar\u00e7on.1.jpg?resize=432%2C576\" alt=\"\" width=\"432\" height=\"576\" data-recalc-dims=\"1\" \/><p id=\"caption-attachment-6465\" class=\"wp-caption-text\">Jaqueta D&amp;G, camisa I\u00f3dice, cal\u00e7a Comme des Gar\u00e7on.<\/p><\/div>\n<div id=\"attachment_6467\" style=\"width: 442px\" class=\"wp-caption alignnone\"><img aria-describedby=\"caption-attachment-6467\" decoding=\"async\" loading=\"lazy\" class=\"size-full wp-image-6467 \" src=\"https:\/\/i0.wp.com\/www.agrund.com\/arquivo\/notas\/files\/2011\/03\/7-Jeans-Alexandre-Herchcovitch-bolds-Marc-Jacobs-csmids-r-blazer-Ricardo-Almeida.1.jpg?resize=432%2C576\" alt=\"\" width=\"432\" height=\"576\" data-recalc-dims=\"1\" \/><p id=\"caption-attachment-6467\" class=\"wp-caption-text\">Jeans Alexandre Herchcovitch, bolsa Marc Jacobs, camisa e blazer Ricardo Almeida.<\/p><\/div>\n","protected":false},"excerpt":{"rendered":"<p>Gente, a temporada de semanas de moda acabou. E a \u00faltima foi Paris! Muitas feiras, desfiles, show room&#8230;estava pronto para acompanhar essa maratona e resolvi registrar para voc\u00eas os meus looks direto da Cidade Luz. Espero que gostem! Fabio Paiva<\/p>\n","protected":false},"author":8,"featured_media":6454,"comment_status":"open","ping_status":"open","sticky":false,"template":"","format":"standard","meta":{"jetpack_post_was_ever_published":false,"_jetpack_newsletter_access":"","jetpack_publicize_message":"","jetpack_is_tweetstorm":false,"jetpack_publicize_feature_enabled":true,"jetpack_social_post_already_shared":false,"jetpack_social_options":{"image_generator_settings":{"template":"highway","enabled":false}}},"categories":[2],"tags":[],"jetpack_publicize_connections":[],"jetpack_featured_media_url":"","jetpack_sharing_enabled":true,"jetpack_shortlink":"https:\/\/wp.me\/p3Hz0n-1G3","jetpack_likes_enabled":true,"_links":{"self":[{"href":"https:\/\/agrund.com\/index.php\/wp-json\/wp\/v2\/posts\/6451"}],"collection":[{"href":"https:\/\/agrund.com\/index.php\/wp-json\/wp\/v2\/posts"}],"about":[{"href":"https:\/\/agrund.com\/index.php\/wp-json\/wp\/v2\/types\/post"}],"author":[{"embeddable":true,"href":"https:\/\/agrund.com\/index.php\/wp-json\/wp\/v2\/users\/8"}],"replies":[{"embeddable":true,"href":"https:\/\/agrund.com\/index.php\/wp-json\/wp\/v2\/comments?post=6451"}],"version-history":[{"count":0,"href":"https:\/\/agrund.com\/index.php\/wp-json\/wp\/v2\/posts\/6451\/revisions"}],"wp:featuredmedia":[{"embeddable":true,"href":"https:\/\/agrund.com\/index.php\/wp-json\/"}],"wp:attachment":[{"href":"https:\/\/agrund.com\/index.php\/wp-json\/wp\/v2\/media?parent=6451"}],"wp:term":[{"taxonomy":"category","embeddable":true,"href":"https:\/\/agrund.com\/index.php\/wp-json\/wp\/v2\/categories?post=6451"},{"taxonomy":"post_tag","embeddable":true,"href":"https:\/\/agrund.com\/index.php\/wp-json\/wp\/v2\/tags?post=6451"}],"curies":[{"name":"wp","href":"https:\/\/api.w.org\/{rel}","templated":true}]}}