{"id":64,"date":"2010-08-16T17:53:04","date_gmt":"2010-08-16T17:53:04","guid":{"rendered":"http:\/\/www.agrund.com\/blogs\/notas\/?p=64"},"modified":"2010-08-16T17:53:04","modified_gmt":"2010-08-16T17:53:04","slug":"elegancia-feminina-no-guardarroupa-masculino","status":"publish","type":"post","link":"https:\/\/agrund.com\/index.php\/elegancia-feminina-no-guardarroupa-masculino\/","title":{"rendered":"Eleg\u00e2ncia feminina no guarda-roupas masculino"},"content":{"rendered":"<p>Enquanto a moda masculina tenta se aproximar cada vez mais na feminilidade da mulher, a eleg\u00e2ncia feminina, desde sua \u201cliberta\u00e7\u00e3o fashion\u201d, sempre esteve ligada \u00e0s pe\u00e7as chave do guarda-roupa masculino.<\/p>\n<p>Quando a Primeira Guerra Mundial apareceu, as mulheres que antes trabalhavam em casa se viram na necessidade de trabalhar fora e ocupar espa\u00e7os que antes eram exclusivamente masculinos. Para isso, era necess\u00e1rio trajes mais confort\u00e1veis e que demonstrassem poder. Foi a\u00ed que estilistas como Andr\u00e9 Courr\u00e8ges e Pierre Cardin ficaram conhecidos por fazer ternos que n\u00e3o eram exclusivamente para os homens, mas tamb\u00e9m para as mulheres.<\/p>\n<p style=\"text-align: center\"><a href=\"\/wp-content\/uploads\/2010\/08\/terno.jpg\"><img decoding=\"async\" loading=\"lazy\" class=\"aligncenter size-full wp-image-69\" src=\"\/wp-content\/uploads\/2010\/08\/terno.jpg\" alt=\"\" width=\"316\" height=\"478\" \/><\/a><img decoding=\"async\" loading=\"lazy\" class=\"aligncenter size-full wp-image-67\" src=\"\/wp-content\/uploads\/2010\/08\/pierrecardin.jpg\" alt=\"\" width=\"316\" height=\"463\" \/><\/p>\n<p>Mas foi com a chegada de Coco Chanel que o traje masculino, antes usado somente no ambiente de trabalho, invadiu as ruas e a noite. Coco acreditava que conforto era sin\u00f4nimo de luxo e tinha pavor em pensar que um homem poderia ter mais poder \u2013 ou luxo \u2013 do que ela.<\/p>\n<p style=\"text-align: center\"><img decoding=\"async\" loading=\"lazy\" class=\"aligncenter size-full wp-image-65\" src=\"\/wp-content\/uploads\/2010\/08\/chanel.jpg\" alt=\"\" width=\"318\" height=\"451\" \/><\/p>\n<p style=\"text-align: center\">\n<p>A partir dos anos 80, as mulheres se viram atingindo cargos mais altos no trabalho, o que (at\u00e9 hoje) incomodou muitos homens. Foi a\u00ed que surgiram as ombreiras. Mais do que uma simples tend\u00eancia de moda, e at\u00e9 de uma maneira inconscientemente fetichista, elas serviam para masculinizar a silhueta feminina e dar uma sensa\u00e7\u00e3o maior de poder e respeito perante aos seus colegas de trabalho do sexo masculino.<\/p>\n<p>Hoje que as posi\u00e7\u00f5es sociais do homem e da mulher est\u00e3o se igualando, ainda pensamos nas pe\u00e7as masculinas como sin\u00f4nimo de eleg\u00e2ncia e as usamos, mesmo que sem perceber, como uma demonstra\u00e7\u00e3o de eterna rebeldia.<\/p>\n","protected":false},"excerpt":{"rendered":"<p>Enquanto a moda masculina tenta se aproximar cada vez mais na feminilidade da mulher, a eleg\u00e2ncia feminina, desde sua \u201cliberta\u00e7\u00e3o fashion\u201d, sempre esteve ligada \u00e0s pe\u00e7as chave do guarda-roupa masculino. Quando a Primeira Guerra Mundial apareceu, as mulheres que antes trabalhavam em casa se viram na necessidade de trabalhar fora e ocupar espa\u00e7os que antes [&hellip;]<\/p>\n","protected":false},"author":8,"featured_media":65,"comment_status":"open","ping_status":"open","sticky":false,"template":"","format":"standard","meta":{"jetpack_post_was_ever_published":false,"_jetpack_newsletter_access":"","jetpack_publicize_message":"","jetpack_is_tweetstorm":false,"jetpack_publicize_feature_enabled":true,"jetpack_social_post_already_shared":false,"jetpack_social_options":{"image_generator_settings":{"template":"highway","enabled":false}}},"categories":[2],"tags":[],"jetpack_publicize_connections":[],"jetpack_featured_media_url":"","jetpack_sharing_enabled":true,"jetpack_shortlink":"https:\/\/wp.me\/p3Hz0n-12","jetpack_likes_enabled":true,"_links":{"self":[{"href":"https:\/\/agrund.com\/index.php\/wp-json\/wp\/v2\/posts\/64"}],"collection":[{"href":"https:\/\/agrund.com\/index.php\/wp-json\/wp\/v2\/posts"}],"about":[{"href":"https:\/\/agrund.com\/index.php\/wp-json\/wp\/v2\/types\/post"}],"author":[{"embeddable":true,"href":"https:\/\/agrund.com\/index.php\/wp-json\/wp\/v2\/users\/8"}],"replies":[{"embeddable":true,"href":"https:\/\/agrund.com\/index.php\/wp-json\/wp\/v2\/comments?post=64"}],"version-history":[{"count":0,"href":"https:\/\/agrund.com\/index.php\/wp-json\/wp\/v2\/posts\/64\/revisions"}],"wp:featuredmedia":[{"embeddable":true,"href":"https:\/\/agrund.com\/index.php\/wp-json\/"}],"wp:attachment":[{"href":"https:\/\/agrund.com\/index.php\/wp-json\/wp\/v2\/media?parent=64"}],"wp:term":[{"taxonomy":"category","embeddable":true,"href":"https:\/\/agrund.com\/index.php\/wp-json\/wp\/v2\/categories?post=64"},{"taxonomy":"post_tag","embeddable":true,"href":"https:\/\/agrund.com\/index.php\/wp-json\/wp\/v2\/tags?post=64"}],"curies":[{"name":"wp","href":"https:\/\/api.w.org\/{rel}","templated":true}]}}