{"id":6348,"date":"2011-03-15T13:00:29","date_gmt":"2011-03-15T16:00:29","guid":{"rendered":"http:\/\/www.agrund.com\/blogs\/notas\/?p=6348"},"modified":"2011-03-15T13:00:29","modified_gmt":"2011-03-15T16:00:29","slug":"nao-basta-ter-talento","status":"publish","type":"post","link":"https:\/\/agrund.com\/index.php\/nao-basta-ter-talento\/","title":{"rendered":"N\u00e3o basta ter talento"},"content":{"rendered":"<p>Por: Carmem Marinho<\/p>\n<p>O primeiro estilista a ser considerado uma celebridade foi Paul Poiret, criador que revolucionou a moda na primeira d\u00e9cada do s\u00e9culo XX. Com um marketing inovador para a \u00e9poca, procurava inserir-se no mundo daquelas pessoas para as quais criava. Acreditava que esta proximidade era decisiva para o sucesso das suas cria\u00e7\u00f5es e, por conseguinte, das suas vendas.<\/p>\n<p><img decoding=\"async\" loading=\"lazy\" class=\"aligncenter size-full wp-image-6356\" src=\"https:\/\/i0.wp.com\/www.agrund.com\/arquivo\/notas\/files\/2011\/03\/00098102.jpg?resize=411%2C350\" alt=\"\" width=\"411\" height=\"350\" data-recalc-dims=\"1\" \/><br \/>\n<em>Paul Poiret com duas modelos vestindo suas cria\u00e7\u00f5es em um evento em 1919<br \/>\nFonte: www.topfoto.co.uk<\/em><\/p>\n<p>A partir desse momento, os grandes estilistas passaram a integrar o que chamamos de Jet set internacional. Equiparados a g\u00eanios dentro do seu ramo de atua\u00e7\u00e3o, viram seus status e popularidade elevados aos de grandes representantes da arte. Com isso, a lista de nomes que se tornaram verdadeiras personalidades \u00e9 intermin\u00e1vel, de Coco Chanel, passando por Elza Skiaparelli, Christian Dior, Yves Saint Laurent, Pierre Cardin, etc.<\/p>\n<p>Com uma maior exposi\u00e7\u00e3o na m\u00eddia, a fama e a notoriedade dos estilistas ganharam ainda mais for\u00e7a a partir das d\u00e9cadas de 1970 e 1980. Dentre os que aproveitaram este contexto podemos citar: Gianne Versace, Calvin Klein, Jean Paul Gaultier e John Galliano.<\/p>\n<p>Um exemplo da magnitude que a imagem destes profissionais possuem \u00e9 a presen\u00e7a de Valentino em importantes eventos, nos quais aparece junto a estrelas de cinema vestindo suas cria\u00e7\u00f5es.<\/p>\n<p><img decoding=\"async\" loading=\"lazy\" class=\"alignnone size-medium wp-image-6357\" src=\"https:\/\/i0.wp.com\/www.agrund.com\/arquivo\/notas\/files\/2011\/03\/anne-hathaway-valentino1-200x300.jpg?resize=200%2C300\" alt=\"\" width=\"200\" height=\"300\" data-recalc-dims=\"1\" \/><img decoding=\"async\" loading=\"lazy\" class=\"alignnone size-medium wp-image-6365\" src=\"https:\/\/i0.wp.com\/www.agrund.com\/arquivo\/notas\/files\/2011\/03\/valentino_annehathaway_rodeodrivewalkofstyleaward1-182x300.jpg?resize=182%2C300\" alt=\"\" width=\"182\" height=\"300\" data-recalc-dims=\"1\" \/><\/p>\n<p><em>Valentino com a atriz Anne Hathaway vestindo suas cria\u00e7\u00f5es em dois momentos distintos<br \/>\n<\/em><br \/>\nNo entanto, talento, sucesso, influ\u00eancia e fortuna, ingredientes presentes na vida dos grandes estilistas, n\u00e3o os isentam das suas responsabilidades como profissionais e pessoas p\u00fablicas. Precisam ter a consci\u00eancia de que todas as suas declara\u00e7\u00f5es e atitudes v\u00e3o repercutir de forma amplificada.<\/p>\n<p>Ningu\u00e9m discute o talento do estilista John Galliano. Infelizmente, nos bizarros epis\u00f3dios em que declarou amor a Hitler e proferiu palavras preconceituosas a pessoas em um Caf\u00e9 de Paris, o agora, ex-diretor de cria\u00e7\u00e3o da Dior, parece ter confiado que sua posi\u00e7\u00e3o lhe dava o aval para falar sem limites. Com isso, tamb\u00e9m desconsiderou o fato de que era o representante de uma das mais importantes marcas de moda do mundo. A repercuss\u00e3o n\u00e3o poderia ter sido pior. Sua demiss\u00e3o \u00e9 prova de que talento \u00e9 apenas uma das compet\u00eancias que um profissional precisa possuir.<\/p>\n<p><img decoding=\"async\" loading=\"lazy\" class=\"alignnone size-medium wp-image-6364\" src=\"https:\/\/i0.wp.com\/www.agrund.com\/arquivo\/notas\/files\/2011\/03\/christian_dior___pasarela_957370818_320x4801-200x300.jpg?resize=200%2C300\" alt=\"\" width=\"200\" height=\"300\" data-recalc-dims=\"1\" \/><img decoding=\"async\" loading=\"lazy\" class=\"alignright size-medium wp-image-6363\" src=\"https:\/\/i0.wp.com\/www.agrund.com\/arquivo\/notas\/files\/2011\/03\/christian_dior___pasarela_602764529_320x4801-200x300.jpg?resize=200%2C300\" alt=\"\" width=\"200\" height=\"300\" data-recalc-dims=\"1\" \/><br \/>\n<em><\/em><\/p>\n<p><img decoding=\"async\" loading=\"lazy\" class=\"alignnone size-medium wp-image-6359\" src=\"https:\/\/i0.wp.com\/www.agrund.com\/arquivo\/notas\/files\/2011\/03\/christian_dior___pasarela_72275514_320x4801-200x300.jpg?resize=200%2C300\" alt=\"\" width=\"200\" height=\"300\" data-recalc-dims=\"1\" \/><img decoding=\"async\" loading=\"lazy\" class=\"alignright size-medium wp-image-6360\" src=\"https:\/\/i0.wp.com\/www.agrund.com\/arquivo\/notas\/files\/2011\/03\/christian_dior___pasarela_292744734_320x4801-200x300.jpg?resize=200%2C300\" alt=\"\" width=\"200\" height=\"300\" data-recalc-dims=\"1\" \/><\/p>\n<p><em>\u00daltima cole\u00e7\u00e3o criada por Galliano para a Dior, apresentada em Desfile na Paris Fashion Week \u2013<br \/>\nTemporada Outono\/Inverno 2011-12<br \/>\nFonte: Vogue Espanha<\/em><\/p>\n<p><strong>Carmem Marinho \u00e9 Rela\u00e7\u00f5es P\u00fablicas, especialista em Cultura de Moda, Consultora de Imagem e<br \/>\nprofessora de Design de Moda e Produ\u00e7\u00e3o de Moda e Styling.<\/strong><\/p>\n","protected":false},"excerpt":{"rendered":"<p>Por: Carmem Marinho O primeiro estilista a ser considerado uma celebridade foi Paul Poiret, criador que revolucionou a moda na primeira d\u00e9cada do s\u00e9culo XX. Com um marketing inovador para a \u00e9poca, procurava inserir-se no mundo daquelas pessoas para as quais criava. Acreditava que esta proximidade era decisiva para o sucesso das suas cria\u00e7\u00f5es e, [&hellip;]<\/p>\n","protected":false},"author":8,"featured_media":6356,"comment_status":"open","ping_status":"open","sticky":false,"template":"","format":"standard","meta":{"jetpack_post_was_ever_published":false,"_jetpack_newsletter_access":"","jetpack_publicize_message":"","jetpack_is_tweetstorm":false,"jetpack_publicize_feature_enabled":true,"jetpack_social_post_already_shared":false,"jetpack_social_options":{"image_generator_settings":{"template":"highway","enabled":false}}},"categories":[2],"tags":[],"jetpack_publicize_connections":[],"jetpack_featured_media_url":"","jetpack_sharing_enabled":true,"jetpack_shortlink":"https:\/\/wp.me\/p3Hz0n-1Eo","jetpack_likes_enabled":true,"_links":{"self":[{"href":"https:\/\/agrund.com\/index.php\/wp-json\/wp\/v2\/posts\/6348"}],"collection":[{"href":"https:\/\/agrund.com\/index.php\/wp-json\/wp\/v2\/posts"}],"about":[{"href":"https:\/\/agrund.com\/index.php\/wp-json\/wp\/v2\/types\/post"}],"author":[{"embeddable":true,"href":"https:\/\/agrund.com\/index.php\/wp-json\/wp\/v2\/users\/8"}],"replies":[{"embeddable":true,"href":"https:\/\/agrund.com\/index.php\/wp-json\/wp\/v2\/comments?post=6348"}],"version-history":[{"count":0,"href":"https:\/\/agrund.com\/index.php\/wp-json\/wp\/v2\/posts\/6348\/revisions"}],"wp:featuredmedia":[{"embeddable":true,"href":"https:\/\/agrund.com\/index.php\/wp-json\/"}],"wp:attachment":[{"href":"https:\/\/agrund.com\/index.php\/wp-json\/wp\/v2\/media?parent=6348"}],"wp:term":[{"taxonomy":"category","embeddable":true,"href":"https:\/\/agrund.com\/index.php\/wp-json\/wp\/v2\/categories?post=6348"},{"taxonomy":"post_tag","embeddable":true,"href":"https:\/\/agrund.com\/index.php\/wp-json\/wp\/v2\/tags?post=6348"}],"curies":[{"name":"wp","href":"https:\/\/api.w.org\/{rel}","templated":true}]}}